{"id":8274,"date":"2025-11-30T17:45:00","date_gmt":"2025-11-30T14:45:00","guid":{"rendered":"https:\/\/www.valonkuvaaja.com\/blogi\/?p=8274"},"modified":"2025-11-12T12:50:03","modified_gmt":"2025-11-12T09:50:03","slug":"apple-floppasi-miksi-ultraohut-iphone-air-ei-kay-kaupaksi","status":"publish","type":"post","link":"https:\/\/www.valonkuvaaja.com\/blogi\/apple-floppasi-miksi-ultraohut-iphone-air-ei-kay-kaupaksi","title":{"rendered":"Apple Floppasi: Miksi ultraohut iPhone Air ei k\u00e4y kaupaksi"},"content":{"rendered":"\n<p>Apple julkaisi iPhone Air -mallin osana iPhone 17 -sarjaa, asettaen sen 999 dollarin l\u00e4ht\u00f6hinnallaan Pro-mallien ja perusmallin v\u00e4liin. Vaikka laite on Applen kaikkien aikojen ohuin (5,6 mm) ja siin\u00e4 on tyylik\u00e4s titaanirunko, sen myynti on j\u00e4\u00e4nyt reilusti odotuksista. Analyytikkoraporttien mukaan Apple on joutunut leikkaamaan Air-mallin tuotantoaan jopa 80 prosentilla heikon kysynn\u00e4n vuoksi.<\/p>\n<p>Air-mallin oli tarkoitus korvata aiempi Plus-malli ja t\u00e4ytt\u00e4\u00e4 &#8221;nelj\u00e4nnen iPhonen aukko&#8221; mallistossa. Sen ep\u00e4onnistuminen markkinoilla korostaa Applen haasteita l\u00f6yt\u00e4\u00e4 uusia markkinarakoja jo valmiiksi kyll\u00e4isill\u00e4 premium-\u00e4lypuhelinmarkkinoilla. Kuluttajat ovat selv\u00e4sti valinneet joko lippulaivamallit (Pro) tai perusmallit, j\u00e4tt\u00e4en ohuen Air-mallin vaikeaan asemaan.<\/p>\n\n\n\n<div class=\"pixels-photo\"><a href=\"https:\/\/500px.com\/photo\/301305371\/winter-tree-by-markus-kauppinen\"> <img decoding=\"async\" src=\"https:\/\/drscdn.500px.org\/photo\/301305371\/q%3D75_m%3D600\/v2?sig=a9bd58f824bb79b9a88c876ec3f01aadfecf2193647ed1065cf3781efbf46c87\" alt=\"Winter tree by Markus Kauppinen on 500px.com\" \/> <\/a><\/div>\n<p><script type=\"text\/javascript\" src=\"https:\/\/500px.com\/embed.js\"><\/script><\/p>\n\n\n\n<h2>5 Suurinta tekij\u00e4\u00e4 iPhone Airin huonolle myynnille<\/h2>\n\n\n\n<p>Markkina-analyysien ja kuluttajapalautteen perusteella huonon myynnin taustalla ovat erityisesti seuraavat viisi kompromissia, joita <i>Air<\/i>-design vaati:<\/p>\n<ol start=\"1\">\n<li>\n<p><b>Heikompi kameraj\u00e4rjestelm\u00e4:<\/b> Air-mallissa on vain <b>yksi takakamera<\/b> (vrt. Pro-mallien kolme linssi\u00e4). Monet kuluttajat eiv\u00e4t suostu tinkim\u00e4\u00e4n monipuolisista kuvausominaisuuksista premium-puhelimessa.<\/p>\n<\/li>\n<li>\n<p><b>Akun kest\u00e4vyys:<\/b> Vaikka Apple mainosti &#8221;koko p\u00e4iv\u00e4n&#8221; akkua, ultraohut runko her\u00e4tti ep\u00e4ilyksi\u00e4 akun kapasiteetista. Akun luvattiin olevan heikompi kuin Pro- ja Pro Max -malleissa, ja t\u00e4m\u00e4 koettiin liian suurena uhrauksena.<\/p>\n<\/li>\n<li>\n<p><b>Korkea hinnoittelu:<\/b> 999 dollarin (noin 1 200 \u20ac Intian markkinoilla) hinta on liian korkea puhelimeen, jossa on tehty merkitt\u00e4vi\u00e4 ominaisuuskompromisseja. Hinta ei vastannut kuluttajien mielest\u00e4 saatuja ominaisuuksia.<\/p>\n<\/li>\n<li>\n<p><b>\u00c4\u00e4nenlaatu:<\/b> Mallissa on vain <b>mono-kaiuttimet<\/b> stereokaiuttimien sijaan, mik\u00e4 on selke\u00e4 heikennys verrattuna muihin iPhone-malleihin.<\/p>\n<\/li>\n<li>\n<p><b>Pro-mallien ylivoimaisuus:<\/b> Kuluttajat, jotka etsiv\u00e4t huippuluokan suorituskyky\u00e4 ja ominaisuuksia, valitsivat l\u00e4hes poikkeuksetta <b>iPhone 17 Pro<\/b>&#8211; ja <b>Pro Max<\/b> -mallit, joiden lis\u00e4hinta koettiin perustelluksi paremmilla kameroilla, akuilla ja muilla Pro-ominaisuuksilla.<\/p>\n<\/li>\n<\/ol>\n\n\n\n<div class=\"pixels-photo\"><a href=\"https:\/\/500px.com\/photo\/1037756551\/half-moon-rising-by-markus-kauppinen\"> <img decoding=\"async\" src=\"https:\/\/drscdn.500px.org\/photo\/1037756551\/q%3D75_m%3D600_k%3D1\/v2?sig=9473dbbbc2126886d93aab0360afcac1ff0a8b8f2e9f4d5c06793e7920ac6477\" alt=\"Half moon rising by Markus Kauppinen on 500px.com\" \/> <\/a><\/div>\n<p><script type=\"text\/javascript\" src=\"https:\/\/500px.com\/embed.js\"><\/script><\/p>\n\n\n\n<p style=\"text-align: center;\"><strong>Hyv\u00e4\u00e4 p\u00e4iv\u00e4n jatkoa kaikille!<\/strong><\/p>\n<p style=\"text-align: center;\">Valonkuvaaja &#8211; Markus Kauppinen<\/p>\n\n\n","protected":false},"excerpt":{"rendered":"<p>Apple julkaisi iPhone Air -mallin osana iPhone 17 -sarjaa, asettaen sen 999 dollarin l\u00e4ht\u00f6hinnallaan Pro-mallien ja perusmallin v\u00e4liin. Vaikka laite on Applen kaikkien aikojen ohuin (5,6 mm) ja siin\u00e4 on tyylik\u00e4s titaanirunko, sen myynti on j\u00e4\u00e4nyt reilusti odotuksista. Analyytikkoraporttien mukaan &hellip; <a href=\"https:\/\/www.valonkuvaaja.com\/blogi\/apple-floppasi-miksi-ultraohut-iphone-air-ei-kay-kaupaksi\">Lue loppuun <span class=\"meta-nav\">&rarr;<\/span><\/a><\/p>\n","protected":false},"author":1,"featured_media":0,"comment_status":"open","ping_status":"closed","sticky":false,"template":"","format":"standard","meta":{"footnotes":""},"categories":[3,8],"tags":[1850,2311,1286,2310,35],"class_list":["post-8274","post","type-post","status-publish","format-standard","hentry","category-blogit","category-viimeisimmat","tag-apple","tag-floppasi","tag-iphone","tag-iphone-air","tag-markus-kauppinen"],"aioseo_notices":[],"_links":{"self":[{"href":"https:\/\/www.valonkuvaaja.com\/blogi\/wp-json\/wp\/v2\/posts\/8274","targetHints":{"allow":["GET"]}}],"collection":[{"href":"https:\/\/www.valonkuvaaja.com\/blogi\/wp-json\/wp\/v2\/posts"}],"about":[{"href":"https:\/\/www.valonkuvaaja.com\/blogi\/wp-json\/wp\/v2\/types\/post"}],"author":[{"embeddable":true,"href":"https:\/\/www.valonkuvaaja.com\/blogi\/wp-json\/wp\/v2\/users\/1"}],"replies":[{"embeddable":true,"href":"https:\/\/www.valonkuvaaja.com\/blogi\/wp-json\/wp\/v2\/comments?post=8274"}],"version-history":[{"count":3,"href":"https:\/\/www.valonkuvaaja.com\/blogi\/wp-json\/wp\/v2\/posts\/8274\/revisions"}],"predecessor-version":[{"id":8279,"href":"https:\/\/www.valonkuvaaja.com\/blogi\/wp-json\/wp\/v2\/posts\/8274\/revisions\/8279"}],"wp:attachment":[{"href":"https:\/\/www.valonkuvaaja.com\/blogi\/wp-json\/wp\/v2\/media?parent=8274"}],"wp:term":[{"taxonomy":"category","embeddable":true,"href":"https:\/\/www.valonkuvaaja.com\/blogi\/wp-json\/wp\/v2\/categories?post=8274"},{"taxonomy":"post_tag","embeddable":true,"href":"https:\/\/www.valonkuvaaja.com\/blogi\/wp-json\/wp\/v2\/tags?post=8274"}],"curies":[{"name":"wp","href":"https:\/\/api.w.org\/{rel}","templated":true}]}}