{"id":7657,"date":"2019-03-22T12:00:47","date_gmt":"2019-03-22T09:00:47","guid":{"rendered":"http:\/\/www.valonkuvaaja.com\/blogi\/?p=7657"},"modified":"2019-02-28T21:16:24","modified_gmt":"2019-02-28T18:16:24","slug":"kevainen-koivun-oksa","status":"publish","type":"post","link":"https:\/\/www.valonkuvaaja.com\/blogi\/kevainen-koivun-oksa","title":{"rendered":"Kev\u00e4inen koivun oksa"},"content":{"rendered":"<blockquote class=\"instagram-media\" style=\"background: #FFF; border: 0; border-radius: 3px; box-shadow: 0 0 1px 0 rgba(0,0,0,0.5),0 1px 10px 0 rgba(0,0,0,0.15); margin: 1px; max-width: 540px; min-width: 326px; padding: 0; width: calc(100% - 2px);\" data-instgrm-captioned=\"\" data-instgrm-permalink=\"https:\/\/www.instagram.com\/p\/BsJUxbOF0Zc\/?utm_source=ig_embed&amp;utm_medium=loading&amp;utm_campaign=embed_loading_state_camera\" data-instgrm-version=\"11\">\n<div style=\"padding: 16px;\">\n<div style=\"display: flex; flex-direction: row; align-items: center;\"><\/div>\n<div style=\"padding: 19% 0;\"><\/div>\n<div style=\"display: block; height: 50px; margin: 0 auto 12px; width: 50px;\"><\/div>\n<div style=\"padding-top: 8px;\">\n<div style=\"color: #3897f0; font-family: Arial,sans-serif; font-size: 14px; font-style: normal; font-weight: 550; line-height: 18px;\">N\u00e4yt\u00e4 t\u00e4m\u00e4 julkaisu Instagramissa.<\/div>\n<\/div>\n<p style=\"margin: 8px 0 0 0; padding: 0 4px;\"><a style=\"color: #000; font-family: Arial,sans-serif; font-size: 14px; font-style: normal; font-weight: normal; line-height: 17px; text-decoration: none; word-wrap: break-word;\" href=\"https:\/\/www.instagram.com\/p\/BsJUxbOF0Zc\/?utm_source=ig_embed&amp;utm_medium=loading&amp;utm_campaign=embed_loading_state_camera\" target=\"_blank\">Kev\u00e4tt\u00e4 odotellessa \ud83c\udf33\u2600\ufe0f\ud83c\udf33 #ig_finland #thisisfinlandofficial #discoverfinland #lovelyfinland #finland_photolovers #loves_finland #finland #luonto #luonnossa #luontokuva #nature #matkailu #travel #ig_photooftheday #igshotz #worldbestshot #click_vision #pentax #koivu #birch #vehreys #kev\u00e4t #spring #aurinkoista #sunny #bokeh #bubblebokeh #macro #m42<\/a><\/p>\n<p style=\"color: #c9c8cd; font-family: Arial,sans-serif; font-size: 14px; line-height: 17px; margin-bottom: 0; margin-top: 8px; overflow: hidden; padding: 8px 0 7px; text-align: center; text-overflow: ellipsis; white-space: nowrap;\">Henkil\u00f6n <a style=\"color: #c9c8cd; font-family: Arial,sans-serif; font-size: 14px; font-style: normal; font-weight: normal; line-height: 17px;\" href=\"https:\/\/www.instagram.com\/kauppinen_markus\/?utm_source=ig_embed&amp;utm_medium=loading&amp;utm_campaign=embed_loading_state_camera\" target=\"_blank\"> Markus Kauppinen<\/a> (@kauppinen_markus) jakama julkaisu <time style=\"font-family: Arial,sans-serif; font-size: 14px; line-height: 17px;\" datetime=\"2019-01-02T20:32:16+00:00\">Tammi 2, 2019 kello 12.32 PST<\/time><\/p>\n<\/div>\n<\/blockquote>\n<p><script async src=\"\/\/www.instagram.com\/embed.js\"><\/script><\/p>\n<p>Kev\u00e4inen koivun oksa.<\/p>\n<div class=\"test-default-content\">\n<p style=\"text-align: center;\"><strong>Markus Kauppinen &#8211; Valonkuvaaja<\/strong><\/p>\n<p style=\"text-align: center;\"><a href=\"http:\/\/www.valonkuvaaja.com\/kuvagalleria\" target=\"_blank\"><img decoding=\"async\" class=\"aligncenter\" title=\"Tervetuloa Valonkuvaajan kuvagalleriaan!\" src=\"\/signeeraus_kuva.jpg\" alt=\"Tervetuloa Valonkuvaajan kuvagalleriaan!\" \/><\/a><\/p>\n<\/div>\n","protected":false},"excerpt":{"rendered":"<p>N\u00e4yt\u00e4 t\u00e4m\u00e4 julkaisu Instagramissa. Kev\u00e4tt\u00e4 odotellessa \ud83c\udf33\u2600\ufe0f\ud83c\udf33 #ig_finland #thisisfinlandofficial #discoverfinland #lovelyfinland #finland_photolovers #loves_finland #finland #luonto #luonnossa #luontokuva #nature #matkailu #travel #ig_photooftheday #igshotz #worldbestshot #click_vision #pentax #koivu #birch #vehreys #kev\u00e4t #spring #aurinkoista #sunny #bokeh #bubblebokeh #macro #m42 Henkil\u00f6n Markus Kauppinen (@kauppinen_markus) &hellip; <a href=\"https:\/\/www.valonkuvaaja.com\/blogi\/kevainen-koivun-oksa\">Lue loppuun <span class=\"meta-nav\">&rarr;<\/span><\/a><\/p>\n","protected":false},"author":1,"featured_media":6813,"comment_status":"closed","ping_status":"closed","sticky":false,"template":"","format":"standard","meta":{"footnotes":""},"categories":[3,7,8],"tags":[1652,1905,1035,1903,1904,35,41],"class_list":["post-7657","post","type-post","status-publish","format-standard","has-post-thumbnail","hentry","category-blogit","category-valokuviani","category-viimeisimmat","tag-bokeh","tag-bubble-bokeh","tag-kevat","tag-koivun-lehti","tag-koivun-oksa","tag-markus-kauppinen","tag-pentax"],"aioseo_notices":[],"_links":{"self":[{"href":"https:\/\/www.valonkuvaaja.com\/blogi\/wp-json\/wp\/v2\/posts\/7657","targetHints":{"allow":["GET"]}}],"collection":[{"href":"https:\/\/www.valonkuvaaja.com\/blogi\/wp-json\/wp\/v2\/posts"}],"about":[{"href":"https:\/\/www.valonkuvaaja.com\/blogi\/wp-json\/wp\/v2\/types\/post"}],"author":[{"embeddable":true,"href":"https:\/\/www.valonkuvaaja.com\/blogi\/wp-json\/wp\/v2\/users\/1"}],"replies":[{"embeddable":true,"href":"https:\/\/www.valonkuvaaja.com\/blogi\/wp-json\/wp\/v2\/comments?post=7657"}],"version-history":[{"count":1,"href":"https:\/\/www.valonkuvaaja.com\/blogi\/wp-json\/wp\/v2\/posts\/7657\/revisions"}],"predecessor-version":[{"id":7658,"href":"https:\/\/www.valonkuvaaja.com\/blogi\/wp-json\/wp\/v2\/posts\/7657\/revisions\/7658"}],"wp:featuredmedia":[{"embeddable":true,"href":"https:\/\/www.valonkuvaaja.com\/blogi\/wp-json\/wp\/v2\/media\/6813"}],"wp:attachment":[{"href":"https:\/\/www.valonkuvaaja.com\/blogi\/wp-json\/wp\/v2\/media?parent=7657"}],"wp:term":[{"taxonomy":"category","embeddable":true,"href":"https:\/\/www.valonkuvaaja.com\/blogi\/wp-json\/wp\/v2\/categories?post=7657"},{"taxonomy":"post_tag","embeddable":true,"href":"https:\/\/www.valonkuvaaja.com\/blogi\/wp-json\/wp\/v2\/tags?post=7657"}],"curies":[{"name":"wp","href":"https:\/\/api.w.org\/{rel}","templated":true}]}}