{"id":1433,"date":"2011-07-22T19:30:49","date_gmt":"2011-07-22T16:30:49","guid":{"rendered":"http:\/\/www.valonkuvaaja.com\/blogi\/?p=1433"},"modified":"2011-07-22T17:45:32","modified_gmt":"2011-07-22T14:45:32","slug":"ilosaarirock-2011-perjantai-sulo-klubi","status":"publish","type":"post","link":"https:\/\/www.valonkuvaaja.com\/blogi\/ilosaarirock-2011-perjantai-sulo-klubi","title":{"rendered":"Ilosaarirock 2011 &#8211; Perjantai &#8211; Sulo-Klubi"},"content":{"rendered":"<p style=\"text-align: justify;\"><a href=\"http:\/\/www.flickr.com\/photos\/mtj-art\/sets\/72157627115295069\" target=\"_blank\"><img loading=\"lazy\" decoding=\"async\" class=\"alignleft\" title=\"Ilosaarirock 2011 Sulo-Klubi\" src=\"http:\/\/farm7.static.flickr.com\/6012\/5963150477_6593cc34a5_m.jpg\" alt=\"Ilosaarirock 2011 Sulo-Klubi\" width=\"240\" height=\"180\" \/><\/a>Tasan viikko on kulunut siit\u00e4, kun Ilosaarirock alkoi. Pari viikkoa sitten lupailin, ett\u00e4 kuvat tulee s\u00e4\u00e4detty\u00e4 ainakin jouluun menness\u00e4.. No, nyt ne on s\u00e4\u00e4detty ja julkaistu. Aion nyt lis\u00e4ksi julkaista tarinaa tuosta viikonlopusta niin, ett\u00e4 perjantain tarinat julkaisen t\u00e4n\u00e4\u00e4n ja huomenna sitten lauantain, sitten viel\u00e4 sunnuntaina sunnuntain ja paluumatkan tarinat.<\/p>\n<p style=\"text-align: justify;\">Ottamiani valokuvia liit\u00e4n vain perjantain, lauantain ja sunnuntain juttuihin. Koska meno sek\u00e4 paluumatkalla otin kuvia j\u00e4rjestelm\u00e4kameralla ja niit\u00e4 en ole ehtinyt viel\u00e4 lainkaan kehitt\u00e4m\u00e4\u00e4n. Aikanaan tulen noistakin kuvia lis\u00e4\u00e4m\u00e4\u00e4n Flickr.com tilill\u00e4ni olevaan <a href=\"http:\/\/www.flickr.com\/photos\/mtj-art\/collections\/72157627114786737\/\" target=\"_blank\">IlosaariRock 2011<\/a> kansioon. Noiden kuvien julkaiseminen saattaa sitten ihan oikeasti menn\u00e4 vuoden loppuun tai ensi vuoden alkuun.. mutta nyt itse asiaan eli Ilosaarirockin perjantain tapahtumiin.<\/p>\n<h1 style=\"text-align: justify;\">Kohti Joensuuta<\/h1>\n<p style=\"text-align: justify;\">Perjantai aamuna l\u00e4hdettiin matkaan kohti Joensuuta. Aamun ja menomatkan s\u00e4\u00e4 ei kovin lupaavalta vaikuttanut, kun l\u00e4hes koko matkan satoi vett\u00e4. Matka taittui henkil\u00f6autolla ja pys\u00e4htelimme jaloittelemaan aika-ajoin huoltoasemille. Sy\u00f6m\u00e4ss\u00e4 k\u00e4vimme Mikkelin Huviretkess\u00e4, s\u00f6in aura-broileri pastaa, josta sain &#8221;mukavasti&#8221; mahanpuruja. Mikkelist\u00e4 jatkoimme kohti Varkautta, jossa oli meno matkan ehdottomasti kovin ruuhka. Varkauden kohdalla alkoi jo n\u00e4ytt\u00e4\u00e4 niin pahalta, ett\u00e4 oli pakko soittaa hotelliin, ettei v\u00e4ltt\u00e4m\u00e4tt\u00e4 ehdit\u00e4 ajoissa paikalle ja saimme siirretty\u00e4 huoneen lunastus aikaa kello 21 asti. Nimitt\u00e4in etenemis vauhti muuttui ihan k\u00e4velyvauhdiksi. Onneksi tuota todellista ruuhkaa ei kest\u00e4nyt kuin vajaan kilometrin nimitt\u00e4in tuohokin paloi aikaa l\u00e4hes puoli tuntia! Jos koko loppu matka olisi ollut tuollaista niin olisi perjantain esiintyj\u00e4t hyvin pitk\u00e4lti j\u00e4\u00e4nyt n\u00e4kem\u00e4tt\u00e4.<\/p>\n<p style=\"text-align: justify;\">Varkaudesta selvitty\u00e4mme ei en\u00e4\u00e4 tarvinnut miss\u00e4\u00e4n vaiheessa jonottaa, vaikka oletimme ett\u00e4 kyll\u00e4 viimeist\u00e4\u00e4n 10-20 kilometri\u00e4 ennen Joensuuta liikenne jumiutuu vastaavalla tavalla. Ei ollut ruuhkaa edes keskustassa. Olimme hotellillamme 17:48 eli 12 minuuttia ennen huoneiden lunastamisen takarajaa. Joten ei olisi mennyt edes kovin tiukoille, vaikka en olisi hotellille soittanutkaan. No, sitten ei muuta kuin hotelliin sis\u00e4\u00e4n kirjautumaan ja sen j\u00e4lkeen nopsaan viem\u00e4\u00e4n tavarat huoneeseen. Sitten reppuun tavarat joita illalla festarialueella tulisi mahdollisesti tarvisemaan: sadevaatteet, wc-paperia, kamera ja ev\u00e4\u00e4t.<\/p>\n<h2 style=\"text-align: justify;\">Matka Laulurinteelle<\/h2>\n<p style=\"text-align: justify;\">Tiesimme, ettei Ilosaarirock alue ole kaukana hotelliltamme, mutta yll\u00e4tykseksemme kaupungilla ei ollut mit\u00e4\u00e4n ohjeistusta siit\u00e4 miss\u00e4p\u00e4in alue olisi? Joten muutama hetki kului siihen, ett\u00e4 l\u00f6ysimme kartasta oikean suunnan Laulurinteelle. Sitten vain nopsaa vauhtia kohti Ilosaarirockia. Porttien l\u00e4heisyydess\u00e4 vaihdoimme Sulo-klubi ja Ilosaarirock lippumme alue rannekkisiin, sit ei muuta kuin jonottamaan sis\u00e4\u00e4n. Sis\u00e4lle jonottaminen ei kauaa kest\u00e4nyt ja ehdimmekin n\u00e4kem\u00e4\u00e4n sek\u00e4 kuulemaan Sulo-klubin ensimm\u00e4isen esiintyj\u00e4n, <strong>Ultaramariinin<\/strong>, viimeisen kappaleen l\u00e4hes kokonaan eli olimme alueella noin klo 19:13.<\/p>\n<p style=\"text-align: justify;\"><img loading=\"lazy\" decoding=\"async\" class=\"alignleft\" title=\"Anna Puu\" src=\"http:\/\/farm7.static.flickr.com\/6123\/5957111757_2ac236152f_m.jpg\" alt=\"Anna Puu\" width=\"240\" height=\"180\" \/>Tuon j\u00e4lkeen suuntasimme t\u00f6pp\u00f6semme kohti YleX-telttaa, jossa esiintyi useita Emma palkintoja voittanut suosittu <strong>Anna Puu<\/strong>. Keikka oli ensimm\u00e4inen kokemus uudenlaisista festareilla olevista teltoista. Kokemus oli positiivinen, teltassa \u00e4\u00e4net kuuluivat paremmin kuin perinteisell\u00e4 avolavalla, sek\u00e4 valot p\u00e4\u00e4siv\u00e4t paremmin oikeuksiinsa. Niin ja jos olisi satanut ei olisi sek\u00e4\u00e4n haittanut. Annan laulannan ja hyppimisen j\u00e4lkeen suuntasimme takaisin Rekkalavalle, joka oli siis perjantain toinen esiintymislava.<\/p>\n<p><object width=\"480\" height=\"385\" classid=\"clsid:d27cdb6e-ae6d-11cf-96b8-444553540000\" codebase=\"http:\/\/download.macromedia.com\/pub\/shockwave\/cabs\/flash\/swflash.cab#version=6,0,40,0\"><param name=\"allowFullScreen\" value=\"true\" \/><param name=\"allowscriptaccess\" value=\"always\" \/><param name=\"src\" value=\"http:\/\/www.youtube.com\/p\/E5459A856ABB712A?version=3&amp;hl=en_US&amp;fs=1\" \/><param name=\"allowfullscreen\" value=\"true\" \/><embed width=\"480\" height=\"385\" type=\"application\/x-shockwave-flash\" src=\"http:\/\/www.youtube.com\/p\/E5459A856ABB712A?version=3&amp;hl=en_US&amp;fs=1\" allowFullScreen=\"true\" allowscriptaccess=\"always\" allowfullscreen=\"true\" \/><\/object><\/p>\n<h3>Loistelias Jaakko Laitinen ja V\u00e4\u00e4r\u00e4 Raha<\/h3>\n<p style=\"text-align: justify;\">Kello 20:15 rekkalavalle nousi loistavaksi uudeksi tuttavuudeksi osoittautunut <strong>Jaakko Laitinen ja V\u00e4\u00e4r\u00e4 Raha<\/strong>. Poppoo veti iskelm\u00e4musaa, mutta omalla hienolla tavallaan! Lis\u00e4ksi joukkolla oli hyv\u00e4 meininki ja tunnelma v\u00e4littyi sek\u00e4 tarttui yleis\u00f6\u00f6n heti alku soinnuista l\u00e4htien. Hyv\u00e4 keikka ja hieno b\u00e4ndi! Kannattaa ehdottomasti tutustua ja k\u00e4yd\u00e4 keikoilla jos vain mahdollisuus siihen tulee!<\/p>\n<p><object width=\"560\" height=\"349\" classid=\"clsid:d27cdb6e-ae6d-11cf-96b8-444553540000\" codebase=\"http:\/\/download.macromedia.com\/pub\/shockwave\/cabs\/flash\/swflash.cab#version=6,0,40,0\"><param name=\"allowFullScreen\" value=\"true\" \/><param name=\"allowscriptaccess\" value=\"always\" \/><param name=\"src\" value=\"http:\/\/www.youtube.com\/v\/GX1X2-qcjwM?version=3&amp;hl=en_US&amp;rel=0&amp;hd=1\" \/><param name=\"allowfullscreen\" value=\"true\" \/><embed width=\"560\" height=\"349\" type=\"application\/x-shockwave-flash\" src=\"http:\/\/www.youtube.com\/v\/GX1X2-qcjwM?version=3&amp;hl=en_US&amp;rel=0&amp;hd=1\" allowFullScreen=\"true\" allowscriptaccess=\"always\" allowfullscreen=\"true\" \/><\/object><\/p>\n<p>Lis\u00e4\u00e4 videoita l\u00f6yd\u00e4t <a href=\"http:\/\/www.youtube.com\/my_playlists?p=C7C4E37AAA0ED9D5\" target=\"_blank\">Youtubesta<\/a> b\u00e4ndist\u00e4 ja ottamiani digipokkari kuvia vastaavasti l\u00f6yd\u00e4t Flickr tilit\u00e4ni kansiosta <a href=\"http:\/\/www.flickr.com\/photos\/mtj-art\/sets\/72157627114911201\" target=\"_blank\">Jaakko Laitinen ja V\u00e4\u00e4r\u00e4 Raha<\/a>.<\/p>\n<h4>Keskiolut jazzia tarjoili Sir Elwoodin Hiljaiset V\u00e4rit<\/h4>\n<p style=\"text-align: justify;\"><a href=\"http:\/\/www.flickr.com\/photos\/mtj-art\/sets\/72157627239431748\" target=\"_blank\"><img loading=\"lazy\" decoding=\"async\" class=\"alignleft\" title=\"Sir Elwoodin Hiljaiset V\u00e4rit\" src=\"http:\/\/farm7.static.flickr.com\/6005\/5957221085_ab9c8fbd77_m.jpg\" alt=\"Sir Elwoodin Hiljaiset V\u00e4rit\" width=\"240\" height=\"180\" \/><\/a>T\u00e4m\u00e4n hurmoksen j\u00e4lkeen YleX lavalla esiintyi <strong>J\u00e4tk\u00e4j\u00e4tk\u00e4t<\/strong>, jota kuuntelimme muutaman kappaleen ajan. Sitten p\u00e4\u00e4timme l\u00e4hte\u00e4 k\u00e4ym\u00e4\u00e4n l\u00e4heisess\u00e4 S-Marketissa ostamassa iltapalaa. Kauppaa oli matkaa vajaa kilometri. Kauppareissun j\u00e4lkeen palasimme takaisin festarialueelle ja silloin rekkalavalla oli esiintym\u00e4ss\u00e4 <strong>Rosa<\/strong> niminen b\u00e4ndi. Katselimme heid\u00e4n keikan loppuun asti ja sitten alkoikin yksi odetuimmista keikoista nimitt\u00e4in keskiolut jazzia soittava <strong>Sir Elwoodin Hiljaiset v\u00e4rit<\/strong> -nousivat lavalle. Emme olleet aiemmin heit\u00e4 liven\u00e4 n\u00e4hneet. Hyv\u00e4n ja tunnelmallisen keikan hekin vetiv\u00e4t, joten kannatti kyll\u00e4 heid\u00e4nkin keikkaansa odottaa!<\/p>\n<p><object width=\"480\" height=\"385\" classid=\"clsid:d27cdb6e-ae6d-11cf-96b8-444553540000\" codebase=\"http:\/\/download.macromedia.com\/pub\/shockwave\/cabs\/flash\/swflash.cab#version=6,0,40,0\"><param name=\"allowFullScreen\" value=\"true\" \/><param name=\"allowscriptaccess\" value=\"always\" \/><param name=\"src\" value=\"http:\/\/www.youtube.com\/p\/2447CF4B127CAD0D?version=3&amp;hl=en_US&amp;fs=1\" \/><param name=\"allowfullscreen\" value=\"true\" \/><embed width=\"480\" height=\"385\" type=\"application\/x-shockwave-flash\" src=\"http:\/\/www.youtube.com\/p\/2447CF4B127CAD0D?version=3&amp;hl=en_US&amp;fs=1\" allowFullScreen=\"true\" allowscriptaccess=\"always\" allowfullscreen=\"true\" \/><\/object><\/p>\n<p style=\"text-align: justify;\">T\u00e4m\u00e4n j\u00e4lkeen soitosta vastasi <strong>Tumppi Varonen ja Problems<\/strong> b\u00e4ndi. Vauhtia ja meininki\u00e4 ei heid\u00e4nk\u00e4\u00e4n vedosta puuttunut. Hyv\u00e4 meno tarttui j\u00e4lleen yleis\u00f6\u00f6n ja yhteislauluakin kuultiin isoimpien hittien aikana, kuten mm. Tahdon rakastella sinua.<\/p>\n<p><object width=\"480\" height=\"385\" classid=\"clsid:d27cdb6e-ae6d-11cf-96b8-444553540000\" codebase=\"http:\/\/download.macromedia.com\/pub\/shockwave\/cabs\/flash\/swflash.cab#version=6,0,40,0\"><param name=\"allowFullScreen\" value=\"true\" \/><param name=\"allowscriptaccess\" value=\"always\" \/><param name=\"src\" value=\"http:\/\/www.youtube.com\/p\/F11A361D660369D9?version=3&amp;hl=en_US&amp;fs=1\" \/><param name=\"allowfullscreen\" value=\"true\" \/><embed width=\"480\" height=\"385\" type=\"application\/x-shockwave-flash\" src=\"http:\/\/www.youtube.com\/p\/F11A361D660369D9?version=3&amp;hl=en_US&amp;fs=1\" allowFullScreen=\"true\" allowscriptaccess=\"always\" allowfullscreen=\"true\" \/><\/object><\/p>\n<h5>Sulo-klubin p\u00e4\u00e4tti Kotiteollisuus ja Joensuun Mieslaulajat<\/h5>\n<p style=\"text-align: justify;\">Sulo-Klubin viimeisen\u00e4 esiintyj\u00e4 oli <strong>Kotiteollisuus<\/strong>. T\u00e4m\u00e4 oli kolmas kerta kuin n\u00e4in Jouni Hynysen, Janne Hongisto ja Jari Sinkkonen b\u00e4ndin liven\u00e4. Kahta aiempaa on haitannut liiallinen veren alkoholipitoisuus, sek\u00e4 loputtomalta tuntunut vittuilu. Molemmat ovat ihan ok asioita, mutta tietyiss\u00e4 rajoissa. T\u00e4ll\u00e4 kertaa n\u00e4m\u00e4 asiat olivat hyvin kunnossa ja miehet keskittyiv\u00e4t itse aiaan<a href=\"http:\/\/www.flickr.com\/photos\/mtj-art\/sets\/72157627115304027\" target=\"_blank\"><img loading=\"lazy\" decoding=\"async\" class=\"alignright\" src=\"http:\/\/farm7.static.flickr.com\/6004\/5957873664_6abac32364_m.jpg\" alt=\"Ilosaarirock 2011 - Kotiteollisuus\" width=\"240\" height=\"180\" \/><\/a> eli esiintymiseen ja soittamiseen! \u00c4\u00e4nentoistokin toimi ja musisointi kuullista hyv\u00e4lt\u00e4. Setin spessu osuus oli se, ett\u00e4 Joensuun mieslaulajat kuoro nousi lavalle viimeisten kappaleiden ajaksi! Olihan se hieno olla kuulemassa ja todistamassa tuotakin harvinaisuutta, etenkin kun se taisi olla t\u00e4ysin uniikki tapaus eli ei tule toistumaan en\u00e4\u00e4n milloinkaan.<\/p>\n<p style=\"text-align: justify;\">20 euron hintainen Sulo-Klubi lippu antoi eritt\u00e4in hyv\u00e4\u00e4 vastinetta rahoilla! Eih\u00e4n tuolla summalla meinaa nyky\u00e4\u00e4n aina n\u00e4hd\u00e4 edes yht\u00e4 keikkaa viikonloppuna ja nyt p\u00e4\u00e4si kokemaan monta hienoa keikkaa!<\/p>\n<p style=\"text-align: justify;\">Perjantai oli kaikenkaikkiaan hyv\u00e4 p\u00e4iv\u00e4! Vaikkakin oli siin\u00e4 jotain huonoakin. Eniten h\u00e4iritsi huono opastus niin itse alueelle kuin alueellakin, sek\u00e4 se ett\u00e4 alueella oli paljon todella p\u00e4ihtyneit\u00e4 ihmisi\u00e4 verrattuna muihin festareihin joissa on tullut oltua mukana, kuten esim. RuisRockissa.<\/p>\n<p style=\"text-align: justify;\">Perjantaina tuli r\u00e4psitty\u00e4 digipokkarilla paljon kuvia joista 77 kappaletta olen julkaissut Flickr. com tililleni. L\u00f6yd\u00e4t ne ja voit k\u00e4yd\u00e4 halutessasi niit\u00e4 katsomassa paikassa nimelt\u00e4 <a href=\"http:\/\/www.flickr.com\/photos\/mtj-art\/sets\/72157627115295069\" target=\"_blank\">Ilosaarirock 2011 &#8211; Perjantai<\/a>.<\/p>\n","protected":false},"excerpt":{"rendered":"<p>Tasan viikko on kulunut siit\u00e4, kun Ilosaarirock alkoi. Pari viikkoa sitten lupailin, ett\u00e4 kuvat tulee s\u00e4\u00e4detty\u00e4 ainakin jouluun menness\u00e4.. No, nyt ne on s\u00e4\u00e4detty ja julkaistu. Aion nyt lis\u00e4ksi julkaista tarinaa tuosta viikonlopusta niin, ett\u00e4 perjantain tarinat julkaisen t\u00e4n\u00e4\u00e4n ja &hellip; <a href=\"https:\/\/www.valonkuvaaja.com\/blogi\/ilosaarirock-2011-perjantai-sulo-klubi\">Lue loppuun <span class=\"meta-nav\">&rarr;<\/span><\/a><\/p>\n","protected":false},"author":1,"featured_media":0,"comment_status":"closed","ping_status":"closed","sticky":false,"template":"","format":"standard","meta":{"footnotes":""},"categories":[3,7,8],"tags":[249,248,21,247,252,239,258,256,251,257,253,254,250,255],"class_list":["post-1433","post","type-post","status-publish","format-standard","hentry","category-blogit","category-valokuviani","category-viimeisimmat","tag-festarit","tag-festivaalit","tag-ilosaarirock","tag-ilosaarirock-2011","tag-jatkajatkat","tag-joensuu","tag-joensuun-mieslaulajat","tag-kotiteollisuus","tag-laulurinne","tag-perjantai","tag-rosa","tag-sir-elwoodin-hiljaiset-varit","tag-sulo-klubi","tag-tumppi-varonen-problems"],"aioseo_notices":[],"_links":{"self":[{"href":"https:\/\/www.valonkuvaaja.com\/blogi\/wp-json\/wp\/v2\/posts\/1433","targetHints":{"allow":["GET"]}}],"collection":[{"href":"https:\/\/www.valonkuvaaja.com\/blogi\/wp-json\/wp\/v2\/posts"}],"about":[{"href":"https:\/\/www.valonkuvaaja.com\/blogi\/wp-json\/wp\/v2\/types\/post"}],"author":[{"embeddable":true,"href":"https:\/\/www.valonkuvaaja.com\/blogi\/wp-json\/wp\/v2\/users\/1"}],"replies":[{"embeddable":true,"href":"https:\/\/www.valonkuvaaja.com\/blogi\/wp-json\/wp\/v2\/comments?post=1433"}],"version-history":[{"count":15,"href":"https:\/\/www.valonkuvaaja.com\/blogi\/wp-json\/wp\/v2\/posts\/1433\/revisions"}],"predecessor-version":[{"id":1435,"href":"https:\/\/www.valonkuvaaja.com\/blogi\/wp-json\/wp\/v2\/posts\/1433\/revisions\/1435"}],"wp:attachment":[{"href":"https:\/\/www.valonkuvaaja.com\/blogi\/wp-json\/wp\/v2\/media?parent=1433"}],"wp:term":[{"taxonomy":"category","embeddable":true,"href":"https:\/\/www.valonkuvaaja.com\/blogi\/wp-json\/wp\/v2\/categories?post=1433"},{"taxonomy":"post_tag","embeddable":true,"href":"https:\/\/www.valonkuvaaja.com\/blogi\/wp-json\/wp\/v2\/tags?post=1433"}],"curies":[{"name":"wp","href":"https:\/\/api.w.org\/{rel}","templated":true}]}}