{"id":2019,"count":1,"description":"","link":"http:\/\/www.valonkuvaaja.com\/blogi\/tag\/hameenlinnan-syntymapaiva-19-1","name":"H\u00e4meenlinnan syntym\u00e4p\u00e4iv\u00e4 19.1.","slug":"hameenlinnan-syntymapaiva-19-1","taxonomy":"post_tag","meta":[],"_links":{"self":[{"href":"http:\/\/www.valonkuvaaja.com\/blogi\/wp-json\/wp\/v2\/tags\/2019","targetHints":{"allow":["GET"]}}],"collection":[{"href":"http:\/\/www.valonkuvaaja.com\/blogi\/wp-json\/wp\/v2\/tags"}],"about":[{"href":"http:\/\/www.valonkuvaaja.com\/blogi\/wp-json\/wp\/v2\/taxonomies\/post_tag"}],"wp:post_type":[{"href":"http:\/\/www.valonkuvaaja.com\/blogi\/wp-json\/wp\/v2\/posts?tags=2019"}],"curies":[{"name":"wp","href":"https:\/\/api.w.org\/{rel}","templated":true}]}}