{"id":8293,"date":"2025-11-05T14:54:15","date_gmt":"2025-11-05T11:54:15","guid":{"rendered":"https:\/\/www.valonkuvaaja.com\/blogi\/?p=8293"},"modified":"2025-11-05T14:54:15","modified_gmt":"2025-11-05T11:54:15","slug":"dji-osmo-6-action-camera-julkaistaan-18-11-2025","status":"publish","type":"post","link":"http:\/\/www.valonkuvaaja.com\/blogi\/dji-osmo-6-action-camera-julkaistaan-18-11-2025","title":{"rendered":"DJI Osmo 6 Action Camera julkaistaan 18.11.2025?"},"content":{"rendered":"\n<p>Teknologiaj\u00e4tti DJI on virallisesti vihjaillut seuraavan sukupolven action-kameransa julkaisusta. Huhumyllyss\u00e4 jo pitk\u00e4\u00e4n py\u00f6rinyt <strong>DJI Osmo Action 6<\/strong> on nousemassa esiin eritt\u00e4in merkitt\u00e4vin parannuksin, jotka saattavat mullistaa koko action-kameramarkkinan.<\/p>\n\n\n\n<h2>DJI kiusoittelee uudella trailerilla<\/h2>\n\n\n\n<p>DJI on asettanut virallisen teaserin perusteella uuden tuotelanseerausp\u00e4iv\u00e4n: <b>18. marraskuuta 2025<\/b>. Vaikka yritys ei ole suoraan vahvistanut nimenomaan Action 6 -mallia, teaser-videolla n\u00e4hty mekaanisen iiriksen liike viittaa vahvasti s\u00e4\u00e4dett\u00e4v\u00e4\u00e4n aukkoon, joka on yksi huhutuista avainominaisuuksista.<\/p>\n\n\n\n<div class=\"pixels-photo\"><a href=\"https:\/\/500px.com\/photo\/1025502044\/hame-castle-finlandia-by-markus-kauppinen\"> <img decoding=\"async\" src=\"https:\/\/drscdn.500px.org\/photo\/1025502044\/q%3D75_m%3D600_k%3D1\/v2?sig=ca601c8bccc5d680f7af1c3109b669e8e7a8869c1940881414efc51bee518b2c\" alt=\"Hame Castle - Finlandia by Markus Kauppinen on 500px.com\" \/> <\/a><\/div>\n<p><script type=\"text\/javascript\" src=\"https:\/\/500px.com\/embed.js\"><\/script><\/p>\n\n\n\n<h2>Odotetut uudet ominaisuudet<\/h2>\n<p>Jos laajat vuodot pit\u00e4v\u00e4t paikkansa, Action 6 asettaa uudet standardit kuvanlaadussa ja suorituskyvyss\u00e4:<\/p>\n<ul>\n<li>\n<p><b>Massiivinen Kenno:<\/b> Kameraan odotetaan <b>1\/1.1 tuuman CMOS-kennoa<\/b>, mik\u00e4 olisi huomattava harppaus edelt\u00e4jien (esim. Action 5 Pro:n 1\/1.3 tuuma) kennoihin verrattuna. Isompi kenno parantaisi dramaattisesti suorituskyky\u00e4 heikossa valaistuksessa ja kuvan dynamiikkaa.<\/p>\n<\/li>\n<li>\n<p><b>S\u00e4\u00e4dett\u00e4v\u00e4 Aukko:<\/b> Ensimm\u00e4isen\u00e4 action-kamerana Action 6:ssa huhutaan olevan <b>s\u00e4\u00e4dett\u00e4v\u00e4 aukko (f\/2.0\u2013f\/4.0)<\/b>. T\u00e4m\u00e4 mahdollistaisi syvyyster\u00e4vyyden hallinnan ja paremman valotuksen hallinnan kirkkaissa olosuhteissa.<\/p>\n<\/li>\n<li>\n<p><b>8K-Video:<\/b> Uutena videomuotona huhutaan <b>8K-tarkkuutta 30 kuvaa sekunnissa<\/b> (30fps), mink\u00e4 lis\u00e4ksi tarjolla olisi 4K-kuvaus jopa 120fps nopeudella.<\/p>\n<\/li>\n<li>\n<p><b>Akun Kesto:<\/b> Uusi 1950 mAh:n akku saattaa tarjota jopa <b>nelj\u00e4 tuntia 4K-tallennusaikaa<\/b>, mik\u00e4 olisi kaksinkertainen parannus edellisiin malleihin verrattuna.<\/p>\n<\/li>\n<li>\n<p><b>Vakaus ja Kest\u00e4vyys:<\/b> Vakautuksesta vastaisi uusi <b>RockSteady 4.0<\/b> teko\u00e4lyn avustamalla horisontin tasauksella. Vesitiiviys ilman erillist\u00e4 koteloa s\u00e4ilyisi 20 metriss\u00e4.<\/p>\n<\/li>\n<li>\n<p><b>\u00c4lykello-integraatio:<\/b> Huhutaan my\u00f6s tiiviist\u00e4 yhteensopivuudesta <b>Garminin ja Apple Watchin<\/b> kanssa, jolloin kelloa voisi k\u00e4ytt\u00e4\u00e4 kauko-ohjaimena ja videokuvaan voisi upottaa sykkeen tai nopeuden kaltaisia tietoja.<\/p>\n<\/li>\n<\/ul>\n<p>Osmo Action 6:n hinnaksi on vuodoissa arvioitu alkaen noin <b>329 USD<\/b> (Standard Combo), mik\u00e4 olisi eritt\u00e4in kilpailukykyinen hinta n\u00e4ill\u00e4 spekseill\u00e4.<\/p>\n\n\n\n<div class=\"pixels-photo\"><a href=\"https:\/\/500px.com\/photo\/1031111027\/sunrise-at-aulanko-by-markus-kauppinen\"> <img decoding=\"async\" src=\"https:\/\/drscdn.500px.org\/photo\/1031111027\/q%3D75_m%3D600_k%3D1\/v2?sig=0dac9dc9cd7eeeabd2ce1ba86e61c45a77f9461143cef10b3bae48ee912501cf\" alt=\"Sunrise at Aulanko by Markus Kauppinen on 500px.com\" \/> <\/a><\/div>\n<p><script type=\"text\/javascript\" src=\"https:\/\/500px.com\/embed.js\"><\/script><\/p>\n\n\n\n<p style=\"text-align: center;\"><strong>Hyv\u00e4\u00e4 p\u00e4iv\u00e4n jatkoa kaikille!<\/strong><\/p>\n<p style=\"text-align: center;\">Valonkuvaaja &#8211; Markus Kauppinen<\/p>\n","protected":false},"excerpt":{"rendered":"<p>Teknologiaj\u00e4tti DJI on virallisesti vihjaillut seuraavan sukupolven action-kameransa julkaisusta. Huhumyllyss\u00e4 jo pitk\u00e4\u00e4n py\u00f6rinyt DJI Osmo Action 6 on nousemassa esiin eritt\u00e4in merkitt\u00e4vin parannuksin, jotka saattavat mullistaa koko action-kameramarkkinan. DJI kiusoittelee uudella trailerilla DJI on asettanut virallisen teaserin perusteella uuden tuotelanseerausp\u00e4iv\u00e4n: &hellip; <a href=\"http:\/\/www.valonkuvaaja.com\/blogi\/dji-osmo-6-action-camera-julkaistaan-18-11-2025\">Lue loppuun <span class=\"meta-nav\">&rarr;<\/span><\/a><\/p>\n","protected":false},"author":1,"featured_media":0,"comment_status":"open","ping_status":"closed","sticky":false,"template":"","format":"standard","meta":{"footnotes":""},"categories":[3,8],"tags":[2319,2320,2322,2321,35,2089],"class_list":["post-8293","post","type-post","status-publish","format-standard","hentry","category-blogit","category-viimeisimmat","tag-dji","tag-dji-osmo","tag-dji-osmo-6","tag-dji-osmo-action-camera","tag-markus-kauppinen","tag-valonkuvaaja"],"aioseo_notices":[],"_links":{"self":[{"href":"http:\/\/www.valonkuvaaja.com\/blogi\/wp-json\/wp\/v2\/posts\/8293","targetHints":{"allow":["GET"]}}],"collection":[{"href":"http:\/\/www.valonkuvaaja.com\/blogi\/wp-json\/wp\/v2\/posts"}],"about":[{"href":"http:\/\/www.valonkuvaaja.com\/blogi\/wp-json\/wp\/v2\/types\/post"}],"author":[{"embeddable":true,"href":"http:\/\/www.valonkuvaaja.com\/blogi\/wp-json\/wp\/v2\/users\/1"}],"replies":[{"embeddable":true,"href":"http:\/\/www.valonkuvaaja.com\/blogi\/wp-json\/wp\/v2\/comments?post=8293"}],"version-history":[{"count":2,"href":"http:\/\/www.valonkuvaaja.com\/blogi\/wp-json\/wp\/v2\/posts\/8293\/revisions"}],"predecessor-version":[{"id":8295,"href":"http:\/\/www.valonkuvaaja.com\/blogi\/wp-json\/wp\/v2\/posts\/8293\/revisions\/8295"}],"wp:attachment":[{"href":"http:\/\/www.valonkuvaaja.com\/blogi\/wp-json\/wp\/v2\/media?parent=8293"}],"wp:term":[{"taxonomy":"category","embeddable":true,"href":"http:\/\/www.valonkuvaaja.com\/blogi\/wp-json\/wp\/v2\/categories?post=8293"},{"taxonomy":"post_tag","embeddable":true,"href":"http:\/\/www.valonkuvaaja.com\/blogi\/wp-json\/wp\/v2\/tags?post=8293"}],"curies":[{"name":"wp","href":"https:\/\/api.w.org\/{rel}","templated":true}]}}