{"id":7964,"date":"2021-09-09T01:03:35","date_gmt":"2021-09-08T22:03:35","guid":{"rendered":"http:\/\/www.valonkuvaaja.com\/blogi\/?p=7964"},"modified":"2021-09-09T01:03:22","modified_gmt":"2021-09-08T22:03:22","slug":"14-9-2021-klo-20-apple-event-iphone-13-julkistamistilaisuus","status":"publish","type":"post","link":"http:\/\/www.valonkuvaaja.com\/blogi\/14-9-2021-klo-20-apple-event-iphone-13-julkistamistilaisuus","title":{"rendered":"14.9.2021 klo 20 Apple Event &#8211; iPhone 13 julkistamistilaisuus?"},"content":{"rendered":"<p>Vajaa viikko ja on kauan odotettu syksyn Apple Event. Yleens\u00e4 t\u00e4ss\u00e4 syksyn tapahtumassa on julkistettu uudet iPhone puhelimet, niin todenn\u00e4k\u00f6isesti t\u00e4ll\u00e4 kertaa my\u00f6s tapahtuu.<\/p>\n<div class=\"pixels-photo\"><a href=\"https:\/\/500px.com\/photo\/1010350510\/countryside-by-markus-kauppinen\"><br \/>\n<img decoding=\"async\" src=\"https:\/\/drscdn.500px.org\/photo\/1010350510\/m%3D900\/v2?sig=d806acb168df408d534e32f182328e2edcce0191fe88a4d203877ffd55428304\" alt=\"Countryside by Markus Kauppinen on 500px.com\" width=\"640\" \/><br \/>\n<\/a><\/div>\n<p><script type='text\/javascript' src='https:\/\/500px.com\/embed.js'><\/script><\/p>\n<p>Yleens\u00e4 seuraan n\u00e4it\u00e4 eri firmojen lanseeraus tapahtumia puhtaasti mielenkiinnosta, mutta t\u00e4ll\u00e4 kertaa tapahtuma kiinnostaa tavallista enemm\u00e4n. Vanha huawein kapula on vedellyt viimeisi\u00e4\u00e4n kev\u00e4\u00e4st\u00e4 asti joten jos t\u00e4m\u00e4 uusi iphone 13 vakuuttaa ominaisuuksilla saatan siirty\u00e4 takaisin omena leiriin.<\/p>\n<p>En oikestaan kovin innoissani siirtymisest\u00e4 ole, mutta monet digitaaliseen viestint\u00e4\u00e4n liittyv\u00e4t sovellukset on joko optimoitu applen laitteille tai vain ainoastaan saatavilla niihin. Lis\u00e4ksi isona plussana on ep\u00e4virallinen p\u00e4ivitys tuki \/ takuu viiden vuoden ajan. Tuo on merkitt\u00e4v\u00e4 ominaisuus. Toki my\u00f6s noilla iPhoneilla on poikkeuksellisen hyv\u00e4 j\u00e4lleen myynti arvo vuosienkin p\u00e4\u00e4st\u00e4.<\/p>\n<p>Apple Eventti\u00e4 p\u00e4\u00e4set seuraamaan applen sivutolta seuraavasta linkist\u00e4 <a href=\"https:\/\/www.apple.com\/apple-events\/\" target=\"_blank\">https:\/\/www.apple.com\/apple-events\/<\/a><\/p>\n<div class=\"test-default-content\">\n<p style=\"text-align: center;\"><strong>Markus Kauppinen &#8211; Valonkuvaaja<\/strong><\/p>\n<p style=\"text-align: center;\"><a href=\"http:\/\/www.valonkuvaaja.com\/kuvagalleria\" target=\"_blank\"><img decoding=\"async\" class=\"aligncenter\" title=\"Tervetuloa Valonkuvaajan kuvagalleriaan!\" src=\"\/signeeraus_kuva.jpg\" alt=\"Tervetuloa Valonkuvaajan kuvagalleriaan!\" \/><\/a><\/p>\n<\/div>\n","protected":false},"excerpt":{"rendered":"<p>Vajaa viikko ja on kauan odotettu syksyn Apple Event. Yleens\u00e4 t\u00e4ss\u00e4 syksyn tapahtumassa on julkistettu uudet iPhone puhelimet, niin todenn\u00e4k\u00f6isesti t\u00e4ll\u00e4 kertaa my\u00f6s tapahtuu. Yleens\u00e4 seuraan n\u00e4it\u00e4 eri firmojen lanseeraus tapahtumia puhtaasti mielenkiinnosta, mutta t\u00e4ll\u00e4 kertaa tapahtuma kiinnostaa tavallista enemm\u00e4n. &hellip; <a href=\"http:\/\/www.valonkuvaaja.com\/blogi\/14-9-2021-klo-20-apple-event-iphone-13-julkistamistilaisuus\">Lue loppuun <span class=\"meta-nav\">&rarr;<\/span><\/a><\/p>\n","protected":false},"author":1,"featured_media":6813,"comment_status":"closed","ping_status":"closed","sticky":false,"template":"","format":"standard","meta":{"footnotes":""},"categories":[3,8],"tags":[1850,2100,1286,2099,1746,35,2101,2103,2102,2089],"class_list":["post-7964","post","type-post","status-publish","format-standard","has-post-thumbnail","hentry","category-blogit","category-viimeisimmat","tag-apple","tag-apple-event","tag-iphone","tag-iphone-13","tag-julkistamistilaisuus","tag-markus-kauppinen","tag-omppu","tag-tiedote","tag-uutinen","tag-valonkuvaaja"],"aioseo_notices":[],"_links":{"self":[{"href":"http:\/\/www.valonkuvaaja.com\/blogi\/wp-json\/wp\/v2\/posts\/7964","targetHints":{"allow":["GET"]}}],"collection":[{"href":"http:\/\/www.valonkuvaaja.com\/blogi\/wp-json\/wp\/v2\/posts"}],"about":[{"href":"http:\/\/www.valonkuvaaja.com\/blogi\/wp-json\/wp\/v2\/types\/post"}],"author":[{"embeddable":true,"href":"http:\/\/www.valonkuvaaja.com\/blogi\/wp-json\/wp\/v2\/users\/1"}],"replies":[{"embeddable":true,"href":"http:\/\/www.valonkuvaaja.com\/blogi\/wp-json\/wp\/v2\/comments?post=7964"}],"version-history":[{"count":5,"href":"http:\/\/www.valonkuvaaja.com\/blogi\/wp-json\/wp\/v2\/posts\/7964\/revisions"}],"predecessor-version":[{"id":7967,"href":"http:\/\/www.valonkuvaaja.com\/blogi\/wp-json\/wp\/v2\/posts\/7964\/revisions\/7967"}],"wp:featuredmedia":[{"embeddable":true,"href":"http:\/\/www.valonkuvaaja.com\/blogi\/wp-json\/wp\/v2\/media\/6813"}],"wp:attachment":[{"href":"http:\/\/www.valonkuvaaja.com\/blogi\/wp-json\/wp\/v2\/media?parent=7964"}],"wp:term":[{"taxonomy":"category","embeddable":true,"href":"http:\/\/www.valonkuvaaja.com\/blogi\/wp-json\/wp\/v2\/categories?post=7964"},{"taxonomy":"post_tag","embeddable":true,"href":"http:\/\/www.valonkuvaaja.com\/blogi\/wp-json\/wp\/v2\/tags?post=7964"}],"curies":[{"name":"wp","href":"https:\/\/api.w.org\/{rel}","templated":true}]}}