{"id":7677,"date":"2019-05-03T12:00:08","date_gmt":"2019-05-03T09:00:08","guid":{"rendered":"http:\/\/www.valonkuvaaja.com\/blogi\/?p=7677"},"modified":"2019-02-28T22:29:39","modified_gmt":"2019-02-28T19:29:39","slug":"valokuva-lumisista-puista","status":"publish","type":"post","link":"http:\/\/www.valonkuvaaja.com\/blogi\/valokuva-lumisista-puista","title":{"rendered":"Valokuva lumisista puista"},"content":{"rendered":"<blockquote class=\"instagram-media\" style=\"background: #FFF; border: 0; border-radius: 3px; box-shadow: 0 0 1px 0 rgba(0,0,0,0.5),0 1px 10px 0 rgba(0,0,0,0.15); margin: 1px; max-width: 540px; min-width: 326px; padding: 0; width: calc(100% - 2px);\" data-instgrm-captioned=\"\" data-instgrm-permalink=\"https:\/\/www.instagram.com\/p\/BsaWRoWlzTB\/?utm_source=ig_embed&amp;utm_medium=loading&amp;utm_campaign=embed_loading_state_camera\" data-instgrm-version=\"11\">\n<div style=\"padding: 16px;\">\n<div style=\"display: flex; flex-direction: row; align-items: center;\"><\/div>\n<div style=\"padding: 19% 0;\"><\/div>\n<div style=\"display: block; height: 50px; margin: 0 auto 12px; width: 50px;\"><\/div>\n<div style=\"padding-top: 8px;\">\n<div style=\"color: #3897f0; font-family: Arial,sans-serif; font-size: 14px; font-style: normal; font-weight: 550; line-height: 18px;\">N\u00e4yt\u00e4 t\u00e4m\u00e4 julkaisu Instagramissa.<\/div>\n<\/div>\n<p style=\"margin: 8px 0 0 0; padding: 0 4px;\"><a style=\"color: #000; font-family: Arial,sans-serif; font-size: 14px; font-style: normal; font-weight: normal; line-height: 17px; text-decoration: none; word-wrap: break-word;\" href=\"https:\/\/www.instagram.com\/p\/BsaWRoWlzTB\/?utm_source=ig_embed&amp;utm_medium=loading&amp;utm_campaign=embed_loading_state_camera\" target=\"_blank\">Lunta piisaa niin maassa kuin puissa. Toivottavasti lumet pysyisi puissa pitk\u00e4\u00e4n \u2744\ufe0f\ud83c\udf01\u2744\ufe0f #talvi #winter #snow #lunta #tykkylumi #ig_finland #thisisfinlandofficial #discoverfinland #lovelyfinland #finland_photolovers #loves_finland #finland #mtvsaa #forecasuomi #visith\u00e4meenlinna #luontokuva #nature #matkailu #travel #maisemakuva #lumessakahlaaja<\/a><\/p>\n<p style=\"color: #c9c8cd; font-family: Arial,sans-serif; font-size: 14px; line-height: 17px; margin-bottom: 0; margin-top: 8px; overflow: hidden; padding: 8px 0 7px; text-align: center; text-overflow: ellipsis; white-space: nowrap;\">Henkil\u00f6n <a style=\"color: #c9c8cd; font-family: Arial,sans-serif; font-size: 14px; font-style: normal; font-weight: normal; line-height: 17px;\" href=\"https:\/\/www.instagram.com\/kauppinen_markus\/?utm_source=ig_embed&amp;utm_medium=loading&amp;utm_campaign=embed_loading_state_camera\" target=\"_blank\"> Markus Kauppinen<\/a> (@kauppinen_markus) jakama julkaisu <time style=\"font-family: Arial,sans-serif; font-size: 14px; line-height: 17px;\" datetime=\"2019-01-09T11:12:29+00:00\">Tammi 9, 2019 kello 3.12 PST<\/time><\/p>\n<\/div>\n<\/blockquote>\n<p><script async src=\"\/\/www.instagram.com\/embed.js\"><\/script><\/p>\n<p>Talvella oli p\u00e4ivi\u00e4 jolloin lunta oli lehtipuidenkin oksilla.<\/p>\n<div class=\"test-default-content\">\n<p style=\"text-align: center;\"><strong>Markus Kauppinen &#8211; Valonkuvaaja<\/strong><\/p>\n<p style=\"text-align: center;\"><a href=\"http:\/\/www.valonkuvaaja.com\/kuvagalleria\" target=\"_blank\"><img decoding=\"async\" class=\"aligncenter\" title=\"Tervetuloa Valonkuvaajan kuvagalleriaan!\" src=\"\/signeeraus_kuva.jpg\" alt=\"Tervetuloa Valonkuvaajan kuvagalleriaan!\" \/><\/a><\/p>\n<\/div>\n","protected":false},"excerpt":{"rendered":"<p>N\u00e4yt\u00e4 t\u00e4m\u00e4 julkaisu Instagramissa. Lunta piisaa niin maassa kuin puissa. Toivottavasti lumet pysyisi puissa pitk\u00e4\u00e4n \u2744\ufe0f\ud83c\udf01\u2744\ufe0f #talvi #winter #snow #lunta #tykkylumi #ig_finland #thisisfinlandofficial #discoverfinland #lovelyfinland #finland_photolovers #loves_finland #finland #mtvsaa #forecasuomi #visith\u00e4meenlinna #luontokuva #nature #matkailu #travel #maisemakuva #lumessakahlaaja Henkil\u00f6n Markus Kauppinen &hellip; <a href=\"http:\/\/www.valonkuvaaja.com\/blogi\/valokuva-lumisista-puista\">Lue loppuun <span class=\"meta-nav\">&rarr;<\/span><\/a><\/p>\n","protected":false},"author":1,"featured_media":0,"comment_status":"closed","ping_status":"closed","sticky":false,"template":"","format":"standard","meta":{"footnotes":""},"categories":[3,7,8],"tags":[1830,1915,32,35,1916,757,1899],"class_list":["post-7677","post","type-post","status-publish","format-standard","hentry","category-blogit","category-valokuviani","category-viimeisimmat","tag-huawei","tag-lumisia-puita","tag-luontokuva","tag-markus-kauppinen","tag-puisto","tag-talvi","tag-talvimaisema"],"aioseo_notices":[],"_links":{"self":[{"href":"http:\/\/www.valonkuvaaja.com\/blogi\/wp-json\/wp\/v2\/posts\/7677","targetHints":{"allow":["GET"]}}],"collection":[{"href":"http:\/\/www.valonkuvaaja.com\/blogi\/wp-json\/wp\/v2\/posts"}],"about":[{"href":"http:\/\/www.valonkuvaaja.com\/blogi\/wp-json\/wp\/v2\/types\/post"}],"author":[{"embeddable":true,"href":"http:\/\/www.valonkuvaaja.com\/blogi\/wp-json\/wp\/v2\/users\/1"}],"replies":[{"embeddable":true,"href":"http:\/\/www.valonkuvaaja.com\/blogi\/wp-json\/wp\/v2\/comments?post=7677"}],"version-history":[{"count":2,"href":"http:\/\/www.valonkuvaaja.com\/blogi\/wp-json\/wp\/v2\/posts\/7677\/revisions"}],"predecessor-version":[{"id":7679,"href":"http:\/\/www.valonkuvaaja.com\/blogi\/wp-json\/wp\/v2\/posts\/7677\/revisions\/7679"}],"wp:attachment":[{"href":"http:\/\/www.valonkuvaaja.com\/blogi\/wp-json\/wp\/v2\/media?parent=7677"}],"wp:term":[{"taxonomy":"category","embeddable":true,"href":"http:\/\/www.valonkuvaaja.com\/blogi\/wp-json\/wp\/v2\/categories?post=7677"},{"taxonomy":"post_tag","embeddable":true,"href":"http:\/\/www.valonkuvaaja.com\/blogi\/wp-json\/wp\/v2\/tags?post=7677"}],"curies":[{"name":"wp","href":"https:\/\/api.w.org\/{rel}","templated":true}]}}