{"id":7626,"date":"2018-10-14T18:30:10","date_gmt":"2018-10-14T15:30:10","guid":{"rendered":"http:\/\/www.valonkuvaaja.com\/blogi\/?p=7626"},"modified":"2018-10-14T01:44:03","modified_gmt":"2018-10-13T22:44:03","slug":"revontulet-loimusivat-7-8-10-2018","status":"publish","type":"post","link":"http:\/\/www.valonkuvaaja.com\/blogi\/revontulet-loimusivat-7-8-10-2018","title":{"rendered":"Revontulet loimusivat 7.-8.10.2018"},"content":{"rendered":"<div class=\"pixels-photo\">\n<p><img decoding=\"async\" src=\"https:\/\/drscdn.500px.org\/photo\/277362625\/m%3D900\/v2?user_id=19967965&amp;webp=true&amp;sig=828b55725afb5532ac9cd3a9f05e8aee9a0ee3682ea185f014f6e454f1086d6f\" alt=\"Aurora borealis by Markus Kauppinen on 500px.com\" width=\"640\" \/><\/p>\n<\/div>\n<p><script type='text\/javascript' src='https:\/\/500px.com\/embed.js'><\/script><\/p>\n<p style=\"text-align: left;\">T\u00e4t\u00e4 kirjoittaessa (8.10. klo 01:10) on todella hyv\u00e4 olo. Loistava ja n\u00e4ytt\u00e4v\u00e4 kolme tuntinen revontulien seuranta reissu takana ja l\u00e4mmint\u00e4 mustikkamehua mukillinen tietokoneen vieress\u00e4.<\/p>\n<p>Sunnuntai iltana alkoi s\u00e4hk\u00f6postiin tulemaan aurora-palvelun viestej\u00e4, ett\u00e4 nyt olisi revontulia n\u00e4ht\u00e4viss\u00e4 Etel\u00e4-Suomessakin. Ei muuta sitten kun kamerarepun t\u00e4ytt\u00e4mist\u00e4 lapsen iltatoimien ohessa. Pikku veijarin nukahdettua oli aika l\u00e4hte\u00e4 ulos revontulia katsomaan ja ikuistamista kameralla yritt\u00e4m\u00e4\u00e4n.<\/p>\n<p>S\u00e4\u00e4 oli havainnointiin optimaallinen vain muutama pilven hattara ja muuten t\u00e4htikirkasta, eik\u00e4 juuri tuullut. Vihre\u00e4 revontuli kaari n\u00e4kyi pohjoisessa koko kolmetuntisen ajan. Enimm\u00e4kseen se oli rauhallinen, mutta selv\u00e4sti n\u00e4ht\u00e4viss\u00e4. Muutaman minuutin ajan se onneksi kuitenkin tanssi ja silloin mukana oli my\u00f6s violettia sek\u00e4 punaista v\u00e4ri\u00e4.<\/p>\n<p>Oli kyll\u00e4 taas uskomattoman mukava ja virkist\u00e4v\u00e4 reissu. Parahiksi my\u00f6s juuri paranin yli viikon kest\u00e4neest\u00e4 flunssasta. Tuon vuoksi l\u00e4hdinkin jo kotiin vaikka yh\u00e4 reposia kevyesti n\u00e4kyi, kun 100% kosteus ja pikku pakkanen alkoi olemaan jo liian kylm\u00e4\u00e4 &#8211; enk\u00e4 haluaisi flunssan heti tekev\u00e4n paluuta.<\/p>\n<p>Toivottavasti n\u00e4in hienoja esityksi\u00e4 on luvassa viel\u00e4 t\u00e4n\u00e4kin revontulikautena paljon lis\u00e4\u00e4 ja ett\u00e4 itsekin p\u00e4\u00e4sisi sitten osallistumaan :)!<\/p>\n<div class=\"test-default-content\">\n<p style=\"text-align: center;\"><strong>Hyv\u00e4\u00e4 alkavaa viikkoa teille kaikille!<\/strong><\/p>\n<p style=\"text-align: center;\">Markus Kauppinen &#8211; Valonkuvaaja<\/p>\n<p style=\"text-align: center;\"><a href=\"http:\/\/www.valonkuvaaja.com\/kuvagalleria\" target=\"_blank\"><img decoding=\"async\" class=\"aligncenter\" title=\"Tervetuloa Valonkuvaajan kuvagalleriaan!\" src=\"\/signeeraus_kuva.jpg\" alt=\"Tervetuloa Valonkuvaajan kuvagalleriaan!\" \/><\/a><\/p>\n<\/div>\n","protected":false},"excerpt":{"rendered":"<p>T\u00e4t\u00e4 kirjoittaessa (8.10. klo 01:10) on todella hyv\u00e4 olo. Loistava ja n\u00e4ytt\u00e4v\u00e4 kolme tuntinen revontulien seuranta reissu takana ja l\u00e4mmint\u00e4 mustikkamehua mukillinen tietokoneen vieress\u00e4. Sunnuntai iltana alkoi s\u00e4hk\u00f6postiin tulemaan aurora-palvelun viestej\u00e4, ett\u00e4 nyt olisi revontulia n\u00e4ht\u00e4viss\u00e4 Etel\u00e4-Suomessakin. Ei muuta sitten &hellip; <a href=\"http:\/\/www.valonkuvaaja.com\/blogi\/revontulet-loimusivat-7-8-10-2018\">Lue loppuun <span class=\"meta-nav\">&rarr;<\/span><\/a><\/p>\n","protected":false},"author":1,"featured_media":7212,"comment_status":"closed","ping_status":"closed","sticky":false,"template":"","format":"standard","meta":{"footnotes":""},"categories":[3,7,8],"tags":[1529,575,35,1891,41,1567,1362,1889,1890],"class_list":["post-7626","post","type-post","status-publish","format-standard","has-post-thumbnail","hentry","category-blogit","category-valokuviani","category-viimeisimmat","tag-aurora-borealis","tag-hameenlinna","tag-markus-kauppinen","tag-otava","tag-pentax","tag-pentax-k-1","tag-revontulet","tag-samyang","tag-samyang-20mm-f1-8"],"aioseo_notices":[],"_links":{"self":[{"href":"http:\/\/www.valonkuvaaja.com\/blogi\/wp-json\/wp\/v2\/posts\/7626","targetHints":{"allow":["GET"]}}],"collection":[{"href":"http:\/\/www.valonkuvaaja.com\/blogi\/wp-json\/wp\/v2\/posts"}],"about":[{"href":"http:\/\/www.valonkuvaaja.com\/blogi\/wp-json\/wp\/v2\/types\/post"}],"author":[{"embeddable":true,"href":"http:\/\/www.valonkuvaaja.com\/blogi\/wp-json\/wp\/v2\/users\/1"}],"replies":[{"embeddable":true,"href":"http:\/\/www.valonkuvaaja.com\/blogi\/wp-json\/wp\/v2\/comments?post=7626"}],"version-history":[{"count":4,"href":"http:\/\/www.valonkuvaaja.com\/blogi\/wp-json\/wp\/v2\/posts\/7626\/revisions"}],"predecessor-version":[{"id":7631,"href":"http:\/\/www.valonkuvaaja.com\/blogi\/wp-json\/wp\/v2\/posts\/7626\/revisions\/7631"}],"wp:featuredmedia":[{"embeddable":true,"href":"http:\/\/www.valonkuvaaja.com\/blogi\/wp-json\/wp\/v2\/media\/7212"}],"wp:attachment":[{"href":"http:\/\/www.valonkuvaaja.com\/blogi\/wp-json\/wp\/v2\/media?parent=7626"}],"wp:term":[{"taxonomy":"category","embeddable":true,"href":"http:\/\/www.valonkuvaaja.com\/blogi\/wp-json\/wp\/v2\/categories?post=7626"},{"taxonomy":"post_tag","embeddable":true,"href":"http:\/\/www.valonkuvaaja.com\/blogi\/wp-json\/wp\/v2\/tags?post=7626"}],"curies":[{"name":"wp","href":"https:\/\/api.w.org\/{rel}","templated":true}]}}