{"id":7602,"date":"2018-09-17T17:30:19","date_gmt":"2018-09-17T14:30:19","guid":{"rendered":"http:\/\/www.valonkuvaaja.com\/blogi\/?p=7602"},"modified":"2018-08-14T00:43:06","modified_gmt":"2018-08-13T21:43:06","slug":"terassi-kuntoon","status":"publish","type":"post","link":"http:\/\/www.valonkuvaaja.com\/blogi\/terassi-kuntoon","title":{"rendered":"Terassi kuntoon"},"content":{"rendered":"<blockquote class=\"instagram-media\" style=\"background: #FFF; border: 0; border-radius: 3px; box-shadow: 0 0 1px 0 rgba(0,0,0,0.5),0 1px 10px 0 rgba(0,0,0,0.15); margin: 1px; max-width: 540px; min-width: 326px; padding: 0; width: calc(100% - 2px);\" data-instgrm-captioned=\"\" data-instgrm-permalink=\"https:\/\/www.instagram.com\/p\/BiZuRDABNVB\/?utm_source=ig_embed\" data-instgrm-version=\"9\">\n<div style=\"padding: 8px;\">\n<div style=\"background: #F8F8F8; line-height: 0; margin-top: 40px; padding: 37.5% 0; text-align: center; width: 100%;\"><\/div>\n<p style=\"margin: 8px 0 0 0; padding: 0 4px;\"><a style=\"color: #000; font-family: Arial,sans-serif; font-size: 14px; font-style: normal; font-weight: normal; line-height: 17px; text-decoration: none; word-wrap: break-word;\" href=\"https:\/\/www.instagram.com\/p\/BiZuRDABNVB\/?utm_source=ig_embed\" target=\"_blank\">112\/365 Lauantai-illan projekti. Aika putsata terassi. #365project #365photos #365photochallenge #365photoproject #365project2018 #365finland #ig_finland #ig_photooftheday #thisisfinlandofficial #discoverfinland #lovelyfinland #finland_photolovers #loves_finland #huaweisuomi #huawei #huaweip10 #terassi #lauantai #saturday<\/a><\/p>\n<p style=\"color: #c9c8cd; font-family: Arial,sans-serif; font-size: 14px; line-height: 17px; margin-bottom: 0; margin-top: 8px; overflow: hidden; padding: 8px 0 7px; text-align: center; text-overflow: ellipsis; white-space: nowrap;\">Henkil\u00f6n <a style=\"color: #c9c8cd; font-family: Arial,sans-serif; font-size: 14px; font-style: normal; font-weight: normal; line-height: 17px;\" href=\"https:\/\/www.instagram.com\/kauppinen_markus\/?utm_source=ig_embed\" target=\"_blank\"> Markus Kauppinen<\/a> (@kauppinen_markus) jakama julkaisu <time style=\"font-family: Arial,sans-serif; font-size: 14px; line-height: 17px;\" datetime=\"2018-05-05T16:08:56+00:00\">Touko 5, 2018 kello 9.08 PDT<\/time><\/p>\n<\/div>\n<\/blockquote>\n<p><script async defer src=\"\/\/www.instagram.com\/embed.js\"><\/script><\/p>\n<blockquote class=\"instagram-media\" style=\"background: #FFF; border: 0; border-radius: 3px; box-shadow: 0 0 1px 0 rgba(0,0,0,0.5),0 1px 10px 0 rgba(0,0,0,0.15); margin: 1px; max-width: 540px; min-width: 326px; padding: 0; width: calc(100% - 2px);\" data-instgrm-captioned=\"\" data-instgrm-permalink=\"https:\/\/www.instagram.com\/p\/Big1qmjhpgi\/?utm_source=ig_embed\" data-instgrm-version=\"9\">\n<div style=\"padding: 8px;\">\n<div style=\"background: #F8F8F8; line-height: 0; margin-top: 40px; padding: 50% 0; text-align: center; width: 100%;\"><\/div>\n<p style=\"margin: 8px 0 0 0; padding: 0 4px;\"><a style=\"color: #000; font-family: Arial,sans-serif; font-size: 14px; font-style: normal; font-weight: normal; line-height: 17px; text-decoration: none; word-wrap: break-word;\" href=\"https:\/\/www.instagram.com\/p\/Big1qmjhpgi\/?utm_source=ig_embed\" target=\"_blank\">115\/365 Terassin pinta on nyt huollettu pariksi vuodeksi \ud83d\ude01. #365project #365photos #365photochallenge #365photoproject #365project2018 #365finland #ig_finland #ig_photooftheday #thisisfinlandofficial #discoverfinland #lovelyfinland #finland_photolovers #loves_finland #huaweisuomi #huawei #huaweip10 #terassi #puu\u00f6ljy #tatti #tiistai #tuesday #arki #arkiel\u00e4m\u00e4\u00e4<\/a><\/p>\n<p style=\"color: #c9c8cd; font-family: Arial,sans-serif; font-size: 14px; line-height: 17px; margin-bottom: 0; margin-top: 8px; overflow: hidden; padding: 8px 0 7px; text-align: center; text-overflow: ellipsis; white-space: nowrap;\">Henkil\u00f6n <a style=\"color: #c9c8cd; font-family: Arial,sans-serif; font-size: 14px; font-style: normal; font-weight: normal; line-height: 17px;\" href=\"https:\/\/www.instagram.com\/kauppinen_markus\/?utm_source=ig_embed\" target=\"_blank\"> Markus Kauppinen<\/a> (@kauppinen_markus) jakama julkaisu <time style=\"font-family: Arial,sans-serif; font-size: 14px; line-height: 17px;\" datetime=\"2018-05-08T10:28:17+00:00\">Touko 8, 2018 kello 3.28 PDT<\/time><\/p>\n<\/div>\n<\/blockquote>\n<p><script async defer src=\"\/\/www.instagram.com\/embed.js\"><\/script><\/p>\n<p>Toukokuussa sai yhden viikonlopun olla kotonakin ja silloin tuli laitettua terassi kuntoon pesun ja puu\u00f6ljyn muodossa.<\/p>\n<div class=\"test-default-content\">\n<p style=\"text-align: center;\"><strong>Hyv\u00e4\u00e4 viikon jatkoa teille kaikille!<\/strong><\/p>\n<p style=\"text-align: center;\">Markus Kauppinen &#8211; Valonkuvaaja<\/p>\n<p style=\"text-align: center;\"><a href=\"http:\/\/www.valonkuvaaja.com\/kuvagalleria\" target=\"_blank\"><img decoding=\"async\" class=\"aligncenter\" title=\"Tervetuloa Valonkuvaajan kuvagalleriaan!\" src=\"\/signeeraus_kuva.jpg\" alt=\"Tervetuloa Valonkuvaajan kuvagalleriaan!\" \/><\/a><\/p>\n<\/div>\n","protected":false},"excerpt":{"rendered":"<p>112\/365 Lauantai-illan projekti. Aika putsata terassi. #365project #365photos #365photochallenge #365photoproject #365project2018 #365finland #ig_finland #ig_photooftheday #thisisfinlandofficial #discoverfinland #lovelyfinland #finland_photolovers #loves_finland #huaweisuomi #huawei #huaweip10 #terassi #lauantai #saturday Henkil\u00f6n Markus Kauppinen (@kauppinen_markus) jakama julkaisu Touko 5, 2018 kello 9.08 PDT 115\/365 Terassin pinta &hellip; <a href=\"http:\/\/www.valonkuvaaja.com\/blogi\/terassi-kuntoon\">Lue loppuun <span class=\"meta-nav\">&rarr;<\/span><\/a><\/p>\n","protected":false},"author":1,"featured_media":6813,"comment_status":"closed","ping_status":"closed","sticky":false,"template":"","format":"standard","meta":{"footnotes":""},"categories":[8],"tags":[1830,1815,35,1119,1879],"class_list":["post-7602","post","type-post","status-publish","format-standard","has-post-thumbnail","hentry","category-viimeisimmat","tag-huawei","tag-huawei-p10","tag-markus-kauppinen","tag-terassi","tag-terassin-pesu"],"aioseo_notices":[],"_links":{"self":[{"href":"http:\/\/www.valonkuvaaja.com\/blogi\/wp-json\/wp\/v2\/posts\/7602","targetHints":{"allow":["GET"]}}],"collection":[{"href":"http:\/\/www.valonkuvaaja.com\/blogi\/wp-json\/wp\/v2\/posts"}],"about":[{"href":"http:\/\/www.valonkuvaaja.com\/blogi\/wp-json\/wp\/v2\/types\/post"}],"author":[{"embeddable":true,"href":"http:\/\/www.valonkuvaaja.com\/blogi\/wp-json\/wp\/v2\/users\/1"}],"replies":[{"embeddable":true,"href":"http:\/\/www.valonkuvaaja.com\/blogi\/wp-json\/wp\/v2\/comments?post=7602"}],"version-history":[{"count":3,"href":"http:\/\/www.valonkuvaaja.com\/blogi\/wp-json\/wp\/v2\/posts\/7602\/revisions"}],"predecessor-version":[{"id":7611,"href":"http:\/\/www.valonkuvaaja.com\/blogi\/wp-json\/wp\/v2\/posts\/7602\/revisions\/7611"}],"wp:featuredmedia":[{"embeddable":true,"href":"http:\/\/www.valonkuvaaja.com\/blogi\/wp-json\/wp\/v2\/media\/6813"}],"wp:attachment":[{"href":"http:\/\/www.valonkuvaaja.com\/blogi\/wp-json\/wp\/v2\/media?parent=7602"}],"wp:term":[{"taxonomy":"category","embeddable":true,"href":"http:\/\/www.valonkuvaaja.com\/blogi\/wp-json\/wp\/v2\/categories?post=7602"},{"taxonomy":"post_tag","embeddable":true,"href":"http:\/\/www.valonkuvaaja.com\/blogi\/wp-json\/wp\/v2\/tags?post=7602"}],"curies":[{"name":"wp","href":"https:\/\/api.w.org\/{rel}","templated":true}]}}