{"id":7558,"date":"2018-04-20T17:30:12","date_gmt":"2018-04-20T14:30:12","guid":{"rendered":"http:\/\/www.valonkuvaaja.com\/blogi\/?p=7558"},"modified":"2018-04-20T05:20:25","modified_gmt":"2018-04-20T02:20:25","slug":"kevat-on-taalla-taas","status":"publish","type":"post","link":"http:\/\/www.valonkuvaaja.com\/blogi\/kevat-on-taalla-taas","title":{"rendered":"Kev\u00e4t on t\u00e4\u00e4ll\u00e4 taas"},"content":{"rendered":"<blockquote class=\"instagram-media\" style=\"background: #FFF; border: 0; border-radius: 3px; box-shadow: 0 0 1px 0 rgba(0,0,0,0.5),0 1px 10px 0 rgba(0,0,0,0.15); margin: 1px; max-width: 658px; padding: 0; width: calc(100% - 2px);\" data-instgrm-captioned=\"\" data-instgrm-permalink=\"https:\/\/www.instagram.com\/p\/BhjOYnyhUm3\/\" data-instgrm-version=\"8\">\n<div style=\"padding: 8px;\">\n<div style=\"background: #F8F8F8; line-height: 0; margin-top: 40px; padding: 62.5% 0; text-align: center; width: 100%;\"><\/div>\n<p style=\"margin: 8px 0 0 0; padding: 0 4px;\"><a style=\"color: #000; font-family: Arial,sans-serif; font-size: 14px; font-style: normal; font-weight: normal; line-height: 17px; text-decoration: none; word-wrap: break-word;\" href=\"https:\/\/www.instagram.com\/p\/BhjOYnyhUm3\/\" target=\"_blank\">Kev\u00e4t \ud83d\udc9a #ig_finland #ig_photooftheday #thisisfinlandofficial #discoverfinland #lovelyfinland #finland_photolovers #loves_finland #lightpainting #valollamaalaaminen #luontokuva #kev\u00e4t #spring #revontulet #auroraBorealis #pentaxk5 #teampentax #bns_landscape #landscape_captures #forecasuomi #yleluonto #valokuvaus #photography #y\u00f6pilvet #long_exposure<\/a><\/p>\n<p style=\"color: #c9c8cd; font-family: Arial,sans-serif; font-size: 14px; line-height: 17px; margin-bottom: 0; margin-top: 8px; overflow: hidden; padding: 8px 0 7px; text-align: center; text-overflow: ellipsis; white-space: nowrap;\">Henkil\u00f6n <a style=\"color: #c9c8cd; font-family: Arial,sans-serif; font-size: 14px; font-style: normal; font-weight: normal; line-height: 17px;\" href=\"https:\/\/www.instagram.com\/kauppinen_markus\/\" target=\"_blank\"> Markus Kauppinen<\/a> (@kauppinen_markus) jakama julkaisu <time style=\"font-family: Arial,sans-serif; font-size: 14px; line-height: 17px;\" datetime=\"2018-04-14T12:11:22+00:00\">Huhti 14, 2018 kello 5.11 PDT<\/time><\/p>\n<\/div>\n<\/blockquote>\n<p><script async defer src=\"\/\/www.instagram.com\/embed.js\"><\/script><\/p>\n<p style=\"text-align: center;\"><strong>Hyv\u00e4\u00e4 viikonloppua teille kaikille!<\/strong><\/p>\n<div class=\"test-default-content\">\n<p style=\"text-align: center;\">Markus Kauppinen &#8211; Valonkuvaaja<\/p>\n<p style=\"text-align: center;\"><a href=\"http:\/\/www.valonkuvaaja.com\/kuvagalleria\" target=\"_blank\"><img decoding=\"async\" class=\"aligncenter\" title=\"Tervetuloa Valonkuvaajan kuvagalleriaan!\" src=\"\/signeeraus_kuva.jpg\" alt=\"Tervetuloa Valonkuvaajan kuvagalleriaan!\" \/><\/a><\/p>\n<\/div>\n","protected":false},"excerpt":{"rendered":"<p>Kev\u00e4t \ud83d\udc9a #ig_finland #ig_photooftheday #thisisfinlandofficial #discoverfinland #lovelyfinland #finland_photolovers #loves_finland #lightpainting #valollamaalaaminen #luontokuva #kev\u00e4t #spring #revontulet #auroraBorealis #pentaxk5 #teampentax #bns_landscape #landscape_captures #forecasuomi #yleluonto #valokuvaus #photography #y\u00f6pilvet #long_exposure Henkil\u00f6n Markus Kauppinen (@kauppinen_markus) jakama julkaisu Huhti 14, 2018 kello 5.11 PDT Hyv\u00e4\u00e4 viikonloppua &hellip; <a href=\"http:\/\/www.valonkuvaaja.com\/blogi\/kevat-on-taalla-taas\">Lue loppuun <span class=\"meta-nav\">&rarr;<\/span><\/a><\/p>\n","protected":false},"author":1,"featured_media":7063,"comment_status":"closed","ping_status":"closed","sticky":false,"template":"","format":"standard","meta":{"footnotes":""},"categories":[3,7,8],"tags":[1035,35,41,156,1213,54,1858,1709],"class_list":["post-7558","post","type-post","status-publish","format-standard","has-post-thumbnail","hentry","category-blogit","category-valokuviani","category-viimeisimmat","tag-kevat","tag-markus-kauppinen","tag-pentax","tag-pentax-k-5","tag-pimeakuvaus","tag-valokuvaus","tag-valolla-maalaaminen","tag-yokuvaus"],"aioseo_notices":[],"_links":{"self":[{"href":"http:\/\/www.valonkuvaaja.com\/blogi\/wp-json\/wp\/v2\/posts\/7558","targetHints":{"allow":["GET"]}}],"collection":[{"href":"http:\/\/www.valonkuvaaja.com\/blogi\/wp-json\/wp\/v2\/posts"}],"about":[{"href":"http:\/\/www.valonkuvaaja.com\/blogi\/wp-json\/wp\/v2\/types\/post"}],"author":[{"embeddable":true,"href":"http:\/\/www.valonkuvaaja.com\/blogi\/wp-json\/wp\/v2\/users\/1"}],"replies":[{"embeddable":true,"href":"http:\/\/www.valonkuvaaja.com\/blogi\/wp-json\/wp\/v2\/comments?post=7558"}],"version-history":[{"count":3,"href":"http:\/\/www.valonkuvaaja.com\/blogi\/wp-json\/wp\/v2\/posts\/7558\/revisions"}],"predecessor-version":[{"id":7560,"href":"http:\/\/www.valonkuvaaja.com\/blogi\/wp-json\/wp\/v2\/posts\/7558\/revisions\/7560"}],"wp:featuredmedia":[{"embeddable":true,"href":"http:\/\/www.valonkuvaaja.com\/blogi\/wp-json\/wp\/v2\/media\/7063"}],"wp:attachment":[{"href":"http:\/\/www.valonkuvaaja.com\/blogi\/wp-json\/wp\/v2\/media?parent=7558"}],"wp:term":[{"taxonomy":"category","embeddable":true,"href":"http:\/\/www.valonkuvaaja.com\/blogi\/wp-json\/wp\/v2\/categories?post=7558"},{"taxonomy":"post_tag","embeddable":true,"href":"http:\/\/www.valonkuvaaja.com\/blogi\/wp-json\/wp\/v2\/tags?post=7558"}],"curies":[{"name":"wp","href":"https:\/\/api.w.org\/{rel}","templated":true}]}}