{"id":7522,"date":"2018-03-27T10:00:13","date_gmt":"2018-03-27T07:00:13","guid":{"rendered":"http:\/\/www.valonkuvaaja.com\/blogi\/?p=7522"},"modified":"2018-03-16T21:11:08","modified_gmt":"2018-03-16T18:11:08","slug":"vuosi-sitten-oli-komeita-revontulia","status":"publish","type":"post","link":"http:\/\/www.valonkuvaaja.com\/blogi\/vuosi-sitten-oli-komeita-revontulia","title":{"rendered":"Vuosi sitten oli komeita revontulia"},"content":{"rendered":"<blockquote class=\"instagram-media\" style=\"background: #FFF; border: 0; border-radius: 3px; box-shadow: 0 0 1px 0 rgba(0,0,0,0.5),0 1px 10px 0 rgba(0,0,0,0.15); margin: 1px; max-width: 658px; padding: 0; width: calc(100% - 2px);\" data-instgrm-captioned=\"\" data-instgrm-permalink=\"https:\/\/www.instagram.com\/p\/BgP4J5xgE2Y\/\" data-instgrm-version=\"8\">\n<div style=\"padding: 8px;\">\n<div style=\"background: #F8F8F8; line-height: 0; margin-top: 40px; padding: 62.5% 0; text-align: center; width: 100%;\"><\/div>\n<p style=\"margin: 8px 0 0 0; padding: 0 4px;\"><a style=\"color: #000; font-family: Arial,sans-serif; font-size: 14px; font-style: normal; font-weight: normal; line-height: 17px; text-decoration: none; word-wrap: break-word;\" href=\"https:\/\/www.instagram.com\/p\/BgP4J5xgE2Y\/\" target=\"_blank\">Revontulia n\u00e4ytt\u00e4isi olevan tarjolla t\u00e4ll\u00e4 viikolla keskiviikosta eteenp\u00e4in. Pilvetkin pit\u00e4isi v\u00e4isty\u00e4 joten kannattaa l\u00e4hte\u00e4 pime\u00e4n tullen ulos ja suunnata katse pohjoiselle taivaalle! #nightshooters #igpodium_night #world_bestnight #supreme_nightshots #rsa_night #ig_shutternights #loves_nights #fantastic_universe #astro_photography_ #nightimages #ig_finland #thisisfinlandofficial #discoverfinland #lovelyfinland #finland_photolovers #loves_finland #ig_photooftheday #igshotz #worldbestshot #click_vision #teampentax #forecasuomi #yleluonto #revontulet #auroraBorealis #maisema #luontokuva #valokuvaus #photography #pime\u00e4kuvaus #nightphotography #y\u00f6kuvaus #myfocus #photopills #traveler #photographer<\/a><\/p>\n<p style=\"color: #c9c8cd; font-family: Arial,sans-serif; font-size: 14px; line-height: 17px; margin-bottom: 0; margin-top: 8px; overflow: hidden; padding: 8px 0 7px; text-align: center; text-overflow: ellipsis; white-space: nowrap;\">Henkil\u00f6n <a style=\"color: #c9c8cd; font-family: Arial,sans-serif; font-size: 14px; font-style: normal; font-weight: normal; line-height: 17px;\" href=\"https:\/\/www.instagram.com\/kauppinen_markus\/\" target=\"_blank\"> Markus Kauppinen<\/a> (@kauppinen_markus) jakama julkaisu <time style=\"font-family: Arial,sans-serif; font-size: 14px; line-height: 17px;\" datetime=\"2018-03-13T03:20:09+00:00\">Maalis 12, 2018 kello 8.20 PDT<\/time><\/p>\n<\/div>\n<\/blockquote>\n<p><script async defer src=\"\/\/www.instagram.com\/embed.js\"><\/script><\/p>\n<div class=\"test-default-content\">\n<p style=\"text-align: center;\"><strong>Hyv\u00e4\u00e4 viikonlopun jatkoa teille kaikille!<\/strong><\/p>\n<p style=\"text-align: center;\">Markus Kauppinen &#8211; Valonkuvaaja<\/p>\n<p style=\"text-align: center;\"><a href=\"http:\/\/www.valonkuvaaja.com\/kuvagalleria\" target=\"_blank\"><img decoding=\"async\" class=\"aligncenter\" title=\"Tervetuloa Valonkuvaajan kuvagalleriaan!\" src=\"\/signeeraus_kuva.jpg\" alt=\"Tervetuloa Valonkuvaajan kuvagalleriaan!\" \/><\/a><\/p>\n<\/div>\n","protected":false},"excerpt":{"rendered":"<p>Revontulia n\u00e4ytt\u00e4isi olevan tarjolla t\u00e4ll\u00e4 viikolla keskiviikosta eteenp\u00e4in. Pilvetkin pit\u00e4isi v\u00e4isty\u00e4 joten kannattaa l\u00e4hte\u00e4 pime\u00e4n tullen ulos ja suunnata katse pohjoiselle taivaalle! #nightshooters #igpodium_night #world_bestnight #supreme_nightshots #rsa_night #ig_shutternights #loves_nights #fantastic_universe #astro_photography_ #nightimages #ig_finland #thisisfinlandofficial #discoverfinland #lovelyfinland #finland_photolovers #loves_finland #ig_photooftheday #igshotz &hellip; <a href=\"http:\/\/www.valonkuvaaja.com\/blogi\/vuosi-sitten-oli-komeita-revontulia\">Lue loppuun <span class=\"meta-nav\">&rarr;<\/span><\/a><\/p>\n","protected":false},"author":1,"featured_media":7212,"comment_status":"closed","ping_status":"closed","sticky":false,"template":"","format":"standard","meta":{"footnotes":""},"categories":[3,7,8],"tags":[1529,32,1217,35,41,156,1213,1362,1709],"class_list":["post-7522","post","type-post","status-publish","format-standard","has-post-thumbnail","hentry","category-blogit","category-valokuviani","category-viimeisimmat","tag-aurora-borealis","tag-luontokuva","tag-maisemakuva","tag-markus-kauppinen","tag-pentax","tag-pentax-k-5","tag-pimeakuvaus","tag-revontulet","tag-yokuvaus"],"aioseo_notices":[],"_links":{"self":[{"href":"http:\/\/www.valonkuvaaja.com\/blogi\/wp-json\/wp\/v2\/posts\/7522","targetHints":{"allow":["GET"]}}],"collection":[{"href":"http:\/\/www.valonkuvaaja.com\/blogi\/wp-json\/wp\/v2\/posts"}],"about":[{"href":"http:\/\/www.valonkuvaaja.com\/blogi\/wp-json\/wp\/v2\/types\/post"}],"author":[{"embeddable":true,"href":"http:\/\/www.valonkuvaaja.com\/blogi\/wp-json\/wp\/v2\/users\/1"}],"replies":[{"embeddable":true,"href":"http:\/\/www.valonkuvaaja.com\/blogi\/wp-json\/wp\/v2\/comments?post=7522"}],"version-history":[{"count":1,"href":"http:\/\/www.valonkuvaaja.com\/blogi\/wp-json\/wp\/v2\/posts\/7522\/revisions"}],"predecessor-version":[{"id":7523,"href":"http:\/\/www.valonkuvaaja.com\/blogi\/wp-json\/wp\/v2\/posts\/7522\/revisions\/7523"}],"wp:featuredmedia":[{"embeddable":true,"href":"http:\/\/www.valonkuvaaja.com\/blogi\/wp-json\/wp\/v2\/media\/7212"}],"wp:attachment":[{"href":"http:\/\/www.valonkuvaaja.com\/blogi\/wp-json\/wp\/v2\/media?parent=7522"}],"wp:term":[{"taxonomy":"category","embeddable":true,"href":"http:\/\/www.valonkuvaaja.com\/blogi\/wp-json\/wp\/v2\/categories?post=7522"},{"taxonomy":"post_tag","embeddable":true,"href":"http:\/\/www.valonkuvaaja.com\/blogi\/wp-json\/wp\/v2\/tags?post=7522"}],"curies":[{"name":"wp","href":"https:\/\/api.w.org\/{rel}","templated":true}]}}