{"id":7376,"date":"2018-01-01T12:00:05","date_gmt":"2018-01-01T09:00:05","guid":{"rendered":"http:\/\/www.valonkuvaaja.com\/blogi\/?p=7376"},"modified":"2017-12-02T01:35:48","modified_gmt":"2017-12-01T22:35:48","slug":"superkuu-nousee-tiistaina-2-1-2018","status":"publish","type":"post","link":"http:\/\/www.valonkuvaaja.com\/blogi\/superkuu-nousee-tiistaina-2-1-2018","title":{"rendered":"Superkuu nousee tiistaina 2.1.2018"},"content":{"rendered":"<p><a href=\"http:\/\/www.valonkuvaaja.com\/kuvagalleria\/displayimage.php?pid=407\"><img loading=\"lazy\" decoding=\"async\" class=\"aligncenter\" src=\"http:\/\/www.valonkuvaaja.com\/kuvagalleria\/albums\/userpics\/10001\/_MTJ3752_superkuu_markus_kauppinen.jpg\" alt=\"Superkuu. Valokuvaaja: Markus Kauppinen\" width=\"650\" height=\"430\" \/><\/a>Uusi vuosi on k\u00e4ynnistynyt ja samalla alkaa luonnossa tapahtua. Tiistaina 2.1.2018 on mahdollista havaita taivaalla superkuu.<\/p>\n<p>Toivottavasti kuun noustessa ei ole pilvet edess\u00e4 niin p\u00e4\u00e4semme parhaiten havaitsemaan ja ikuistamaan t\u00e4t\u00e4 hiukan isommalta n\u00e4ytt\u00e4v\u00e4\u00e4 mollukkaa :)!<\/p>\n<p style=\"text-align: center;\"><strong>Hyv\u00e4\u00e4 viikon jatkoa teille kaikille!<\/strong><\/p>\n<div class=\"test-default-content\">\n<p style=\"text-align: center;\">Markus Kauppinen &#8211; Valonkuvaaja<\/p>\n<p style=\"text-align: center;\"><a href=\"http:\/\/www.valonkuvaaja.com\/kuvagalleria\" target=\"_blank\"><img decoding=\"async\" class=\"aligncenter\" title=\"Tervetuloa Valonkuvaajan kuvagalleriaan!\" src=\"\/signeeraus_kuva.jpg\" alt=\"Tervetuloa Valonkuvaajan kuvagalleriaan!\" \/><\/a><\/p>\n<\/div>\n","protected":false},"excerpt":{"rendered":"<p>Uusi vuosi on k\u00e4ynnistynyt ja samalla alkaa luonnossa tapahtua. Tiistaina 2.1.2018 on mahdollista havaita taivaalla superkuu. Toivottavasti kuun noustessa ei ole pilvet edess\u00e4 niin p\u00e4\u00e4semme parhaiten havaitsemaan ja ikuistamaan t\u00e4t\u00e4 hiukan isommalta n\u00e4ytt\u00e4v\u00e4\u00e4 mollukkaa :)! Hyv\u00e4\u00e4 viikon jatkoa teille kaikille! &hellip; <a href=\"http:\/\/www.valonkuvaaja.com\/blogi\/superkuu-nousee-tiistaina-2-1-2018\">Lue loppuun <span class=\"meta-nav\">&rarr;<\/span><\/a><\/p>\n","protected":false},"author":1,"featured_media":6813,"comment_status":"closed","ping_status":"closed","sticky":false,"template":"","format":"standard","meta":{"footnotes":""},"categories":[3,7,8],"tags":[1759,1291,32,35,41,615,54],"class_list":["post-7376","post","type-post","status-publish","format-standard","has-post-thumbnail","hentry","category-blogit","category-valokuviani","category-viimeisimmat","tag-2-1-2018","tag-luonnonilmio","tag-luontokuva","tag-markus-kauppinen","tag-pentax","tag-superkuu","tag-valokuvaus"],"aioseo_notices":[],"_links":{"self":[{"href":"http:\/\/www.valonkuvaaja.com\/blogi\/wp-json\/wp\/v2\/posts\/7376","targetHints":{"allow":["GET"]}}],"collection":[{"href":"http:\/\/www.valonkuvaaja.com\/blogi\/wp-json\/wp\/v2\/posts"}],"about":[{"href":"http:\/\/www.valonkuvaaja.com\/blogi\/wp-json\/wp\/v2\/types\/post"}],"author":[{"embeddable":true,"href":"http:\/\/www.valonkuvaaja.com\/blogi\/wp-json\/wp\/v2\/users\/1"}],"replies":[{"embeddable":true,"href":"http:\/\/www.valonkuvaaja.com\/blogi\/wp-json\/wp\/v2\/comments?post=7376"}],"version-history":[{"count":2,"href":"http:\/\/www.valonkuvaaja.com\/blogi\/wp-json\/wp\/v2\/posts\/7376\/revisions"}],"predecessor-version":[{"id":7378,"href":"http:\/\/www.valonkuvaaja.com\/blogi\/wp-json\/wp\/v2\/posts\/7376\/revisions\/7378"}],"wp:featuredmedia":[{"embeddable":true,"href":"http:\/\/www.valonkuvaaja.com\/blogi\/wp-json\/wp\/v2\/media\/6813"}],"wp:attachment":[{"href":"http:\/\/www.valonkuvaaja.com\/blogi\/wp-json\/wp\/v2\/media?parent=7376"}],"wp:term":[{"taxonomy":"category","embeddable":true,"href":"http:\/\/www.valonkuvaaja.com\/blogi\/wp-json\/wp\/v2\/categories?post=7376"},{"taxonomy":"post_tag","embeddable":true,"href":"http:\/\/www.valonkuvaaja.com\/blogi\/wp-json\/wp\/v2\/tags?post=7376"}],"curies":[{"name":"wp","href":"https:\/\/api.w.org\/{rel}","templated":true}]}}