{"id":7229,"date":"2017-09-07T09:00:57","date_gmt":"2017-09-07T06:00:57","guid":{"rendered":"http:\/\/www.valonkuvaaja.com\/blogi\/?p=7229"},"modified":"2017-10-05T20:20:27","modified_gmt":"2017-10-05T17:20:27","slug":"guido-van-heltenin-muraalin-ensimmaiset-kasvot","status":"publish","type":"post","link":"http:\/\/www.valonkuvaaja.com\/blogi\/guido-van-heltenin-muraalin-ensimmaiset-kasvot","title":{"rendered":"Guido van Heltenin muraalin ensimm\u00e4iset kasvot"},"content":{"rendered":"<p><a href=\"http:\/\/www.valonkuvaaja.com\/kuvagalleria\/thumbnails.php?album=88\" target=\"_blank\"><img loading=\"lazy\" decoding=\"async\" class=\"aligncenter\" src=\"http:\/\/www.valonkuvaaja.com\/kuvagalleria\/albums\/userpics\/10001\/guido_van_helten_mural_kantola_finland_3.jpg\" alt=\"Guido van Heltin muraali Kantolassa. Valokuvaaja: Markus Kauppinen\" width=\"640\" height=\"424\" \/><\/a><\/p>\n<p><a href=\"http:\/\/www.valonkuvaaja.com\/kuvagalleria\/thumbnails.php?album=88\" target=\"_blank\"><img loading=\"lazy\" decoding=\"async\" class=\"aligncenter\" src=\"http:\/\/www.valonkuvaaja.com\/kuvagalleria\/albums\/userpics\/10001\/guido_van_helten_mural_kantola_finland_1.jpg\" alt=\"Guido van Helten muraali Kantolassa. Valokuvaaja: Markus Kauppinen\" width=\"424\" height=\"640\" \/><\/a><\/p>\n<p><a href=\"http:\/\/www.valonkuvaaja.com\/kuvagalleria\/thumbnails.php?album=88\" target=\"_blank\"><img loading=\"lazy\" decoding=\"async\" class=\"aligncenter\" src=\"http:\/\/www.valonkuvaaja.com\/kuvagalleria\/albums\/userpics\/10001\/guido_van_helten_mural_kantola_finland_2.jpg\" alt=\"Guido van Heltin muraali Kantolassa. Valokuvaaja: Markus Kauppinen\" width=\"424\" height=\"640\" \/><\/a><\/p>\n<p><a href=\"http:\/\/www.valonkuvaaja.com\/kuvagalleria\/thumbnails.php?album=88\" target=\"_blank\"><img loading=\"lazy\" decoding=\"async\" class=\"aligncenter\" src=\"http:\/\/www.valonkuvaaja.com\/kuvagalleria\/albums\/userpics\/10001\/guido_van_helten_mural_kantola_finland_4.jpg\" alt=\"Guido van Heltin muraali Kantolassa. Valokuvaaja: Markus Kauppinen\" width=\"640\" height=\"424\" \/><\/a><\/p>\n<p><a href=\"http:\/\/www.valonkuvaaja.com\/kuvagalleria\/thumbnails.php?album=88\" target=\"_blank\"><img loading=\"lazy\" decoding=\"async\" class=\"alignnone\" src=\"http:\/\/www.valonkuvaaja.com\/kuvagalleria\/albums\/userpics\/10001\/guido_van_helten_mural_kantola_finland_5.jpg\" alt=\"Guide van Heltin muraali Kantolassa. Valokuvaaja: Markus Kauppinen\" width=\"640\" height=\"424\" \/><\/a><\/p>\n<p><a href=\"http:\/\/www.valonkuvaaja.com\/kuvagalleria\/thumbnails.php?album=88\" target=\"_blank\"><img loading=\"lazy\" decoding=\"async\" class=\"alignnone\" src=\"http:\/\/www.valonkuvaaja.com\/kuvagalleria\/albums\/userpics\/10001\/guido_van_helten_mural_kantola_finland_7.jpg\" alt=\"Guido van Helten's mural in Kantola H\u00e4meenlinna, Finland. Valokuvaaja: Markus Kauppinen\" width=\"640\" height=\"424\" \/><\/a><\/p>\n<p>Kantolan muraalissa ensimm\u00e4iset kasvot n\u00e4kyviss\u00e4 6.9.2017. Valmista pit\u00e4isi tulla 11.9. joten melkoinen pit\u00e4\u00e4 tahti jatkossa olla. Toki noin yksityiskohtaiset kasvot viev\u00e4t aikaa. Kuvaan tulee varmaan viel\u00e4 lapsi tai pari. Mielenkiintoista seurata projektin jatkoa.<\/p>\n<p><a href=\"http:\/\/www.valonkuvaaja.com\/kuvagalleria\/thumbnails.php?album=88\" target=\"_blank\"><img loading=\"lazy\" decoding=\"async\" class=\"alignnone\" src=\"http:\/\/www.valonkuvaaja.com\/kuvagalleria\/albums\/userpics\/10001\/guido_van_helten_mural_kantola_finland_6.jpg\" alt=\"Guido van Helten's mural in Kantola H\u00e4meenlinna, Finland. Valokuvaaja: Markus Kauppinen\" width=\"640\" height=\"424\" \/><\/a><\/p>\n<p><strong>Pohjoismaiden suurimman muuraalimaalauksen<\/strong> j\u00e4lkeen Guido van Heltenin maalaa pienemm\u00e4tkin siilot. Ne eiv\u00e4t kuuluneet alkuper\u00e4iseen suunnitelmaan joten ne eiv\u00e4t varmaankaan ole valmiit viel\u00e4 11.9.<\/p>\n<h2>UPEA17<\/h2>\n<p>Siilojen maalaminen on osa UPEA17 projektia joka kest\u00e4\u00e4 1.-24.9.2017 v\u00e4lisen ajan. Festivaalin aikana maalataan 20 pysyv\u00e4\u00e4 muraalia 14 kaupunkiin Suomessa.<\/p>\n<p>Teoksen toteuttamisessa ovat mukana H\u00e4meenlinnan kaupunki, I wish I was in Finland, Taiteen edist\u00e4miskeskus &#8211; Taike, Tikkurila, Cramo Finland, Dripit.fi, Suomen Viljava ja Australian Suurl\u00e4hetyst\u00f6. Upeart Facebookisssa &gt; <a href=\"https:\/\/www.facebook.com\/upeart\/\" target=\"_blank\">https:\/\/www.facebook.com\/upeart\/<\/a>.<\/p>\n<h3>Lis\u00e4\u00e4 kuvia muraalista<\/h3>\n<p>Lis\u00e4\u00e4 ottamiani kuvia Guido van Heltin muraalista Kantolasta l\u00f6yd\u00e4t seuraavasta osoitteesta &gt; <em><a href=\"http:\/\/www.valonkuvaaja.com\/kuvagalleria\/thumbnails.php?album=88\" target=\"_blank\">http:\/\/www.valonkuvaaja.com\/kuvagalleria\/thumbnails.php?album=88<\/a><\/em>.<\/p>\n<h4>Youtube soittolista Kantolan muraaleista<\/h4>\n<p><iframe loading=\"lazy\" src=\"https:\/\/www.youtube.com\/embed\/videoseries?list=PLHdhy2iPh_fJpAxb7di3a6nTmB4O5fGhz\" width=\"640\" height=\"360\" frameborder=\"0\" allowfullscreen=\"allowfullscreen\"><\/iframe><\/p>\n<h5>Lis\u00e4\u00e4 Guido van Heltin muraalista sivustollani<\/h5>\n<p>Linkit ovat aika j\u00e4rjestyksess\u00e4 vanhimmasta uusimpaan.<\/p>\n<ul>\n<li><a href=\"http:\/\/www.valonkuvaaja.com\/blogi\/guido-van-heltenin-muraalin-ensimmaiset-kasvot\">Guido van Heltin muraalin ensimm\u00e4iset kasvot<\/a><\/li>\n<li><a href=\"http:\/\/www.valonkuvaaja.com\/blogi\/kantolan-muraalin-naisen-hiukset\">Kantolan muraalin naisen hiukset<\/a><\/li>\n<li><a href=\"http:\/\/www.valonkuvaaja.com\/blogi\/guido-van-heltenin-muraalissa-toiset-kasvot-naisen-huivissa\">Guido van Heltin muraalissa toiset kasvot naisen huivissa<\/a><\/li>\n<li><a href=\"http:\/\/www.valonkuvaaja.com\/blogi\/video-guido-van-heltin-muraalin-maalauksesta\">Video Guido van Heltin muraalin maalaamisesta<\/a><\/li>\n<li><a href=\"http:\/\/www.valonkuvaaja.com\/blogi\/guido-van-heltenin-muraali-ja-linnunrata\">Guido van Heltin muraali ja linnunrata<\/a><\/li>\n<li><a href=\"http:\/\/www.valonkuvaaja.com\/blogi\/guido-van-heltenin-muraali-kantolassa-15-9-2017\">Kantolan muraali 15.9.2017<\/a><\/li>\n<li><a href=\"http:\/\/www.valonkuvaaja.com\/blogi\/videoita-guido-van-heltenin-kantolan-muraalin-maalaamisesta-15-9-2017\">L\u00e4hikuvaa Guidon maalaustekniikasta videon muodossa <\/a><\/li>\n<li><a href=\"http:\/\/www.valonkuvaaja.com\/blogi\/kantolan-muraalin-naiselle-housut\">Kantolan muraalin naiselle housut<\/a><\/li>\n<li><a href=\"http:\/\/www.valonkuvaaja.com\/blogi\/guido-van-heltenin-muraalin-lapsen-kasvot\">Guido van Heltenin muraalin lapsen kasvot<\/a><\/li>\n<li><a href=\"http:\/\/www.valonkuvaaja.com\/blogi\/ensimmainen-muraali-valmis-kantolassa\">Kantolan ensimm\u00e4inen muraali valmis<\/a><\/li>\n<li><a href=\"http:\/\/www.valonkuvaaja.com\/blogi\/guido-van-heltenin-muraalit-nakyvat-kauas\">Guido van Heltenin muraalit n\u00e4kyv\u00e4t kauas<\/a><\/li>\n<li><a href=\"http:\/\/www.valonkuvaaja.com\/blogi\/toinen-muraali-valmistuu-vauhdilla\">Toinen muraali valmistuu vauhdilla<\/a><\/li>\n<li><a href=\"http:\/\/www.valonkuvaaja.com\/blogi\/kantolan-muraalien-julkistustilaisuus-ke-27-9-klo-14\">Kantolan muraalien julkistustilaisuus Ke 27.9. klo 14<\/a><\/li>\n<li><a href=\"http:\/\/www.valonkuvaaja.com\/blogi\/guido-van-helten-muraaliaan-viimeistelemassa-28-9-2017\">Guido van Helten muraaliaan viimeistelem\u00e4ss\u00e4<\/a><\/li>\n<\/ul>\n<h6>Guido van Heltenin H\u00e4meenlinnan muraalien sijainti kartalla<iframe loading=\"lazy\" style=\"border: 0;\" src=\"https:\/\/www.google.com\/maps\/embed?pb=!1m18!1m12!1m3!1d1935.3196706523902!2d24.493483516139737!3d60.98329438226786!2m3!1f0!2f0!3f0!3m2!1i1024!2i768!4f13.1!3m3!1m2!1s0x468e5d711d4fa5f1%3A0xf30061663da4df57!2sMyll%C3%A4rinkatu%2C+13110+H%C3%A4meenlinna!5e0!3m2!1sfi!2sfi!4v1506380153936\" width=\"640\" height=\"440\" frameborder=\"0\" allowfullscreen=\"allowfullscreen\"><\/iframe><\/h6>\n<p style=\"text-align: center;\"><strong>Hyv\u00e4\u00e4 viikon jatkoa teille kaikille!<\/strong><\/p>\n<div class=\"test-default-content\">\n<p style=\"text-align: center;\">Markus Kauppinen &#8211; Valonkuvaaja<\/p>\n<p style=\"text-align: center;\"><a href=\"http:\/\/www.valonkuvaaja.com\/kuvagalleria\" target=\"_blank\"><img decoding=\"async\" class=\"aligncenter\" title=\"Tervetuloa Valonkuvaajan kuvagalleriaan!\" src=\"\/signeeraus_kuva.jpg\" alt=\"Tervetuloa Valonkuvaajan kuvagalleriaan!\" \/><\/a><\/p>\n<\/div>\n","protected":false},"excerpt":{"rendered":"<p>Kantolan muraalissa ensimm\u00e4iset kasvot n\u00e4kyviss\u00e4 6.9.2017. Valmista pit\u00e4isi tulla 11.9. joten melkoinen pit\u00e4\u00e4 tahti jatkossa olla. Toki noin yksityiskohtaiset kasvot viev\u00e4t aikaa. Kuvaan tulee varmaan viel\u00e4 lapsi tai pari. Mielenkiintoista seurata projektin jatkoa. Pohjoismaiden suurimman muuraalimaalauksen j\u00e4lkeen Guido van Heltenin &hellip; <a href=\"http:\/\/www.valonkuvaaja.com\/blogi\/guido-van-heltenin-muraalin-ensimmaiset-kasvot\">Lue loppuun <span class=\"meta-nav\">&rarr;<\/span><\/a><\/p>\n","protected":false},"author":1,"featured_media":6813,"comment_status":"closed","ping_status":"closed","sticky":false,"template":"","format":"standard","meta":{"footnotes":""},"categories":[3,7,8],"tags":[1731,575,1343,1736,35,1732,1733,41,156,1734,1737,1738,1735],"class_list":["post-7229","post","type-post","status-publish","format-standard","has-post-thumbnail","hentry","category-blogit","category-valokuviani","category-viimeisimmat","tag-guido-van-helten","tag-hameenlinna","tag-kantola","tag-kasvot","tag-markus-kauppinen","tag-muraali","tag-mural","tag-pentax","tag-pentax-k-5","tag-seinamaalaus","tag-upea17","tag-upeart","tag-viljasiilot"],"aioseo_notices":[],"_links":{"self":[{"href":"http:\/\/www.valonkuvaaja.com\/blogi\/wp-json\/wp\/v2\/posts\/7229","targetHints":{"allow":["GET"]}}],"collection":[{"href":"http:\/\/www.valonkuvaaja.com\/blogi\/wp-json\/wp\/v2\/posts"}],"about":[{"href":"http:\/\/www.valonkuvaaja.com\/blogi\/wp-json\/wp\/v2\/types\/post"}],"author":[{"embeddable":true,"href":"http:\/\/www.valonkuvaaja.com\/blogi\/wp-json\/wp\/v2\/users\/1"}],"replies":[{"embeddable":true,"href":"http:\/\/www.valonkuvaaja.com\/blogi\/wp-json\/wp\/v2\/comments?post=7229"}],"version-history":[{"count":10,"href":"http:\/\/www.valonkuvaaja.com\/blogi\/wp-json\/wp\/v2\/posts\/7229\/revisions"}],"predecessor-version":[{"id":7355,"href":"http:\/\/www.valonkuvaaja.com\/blogi\/wp-json\/wp\/v2\/posts\/7229\/revisions\/7355"}],"wp:featuredmedia":[{"embeddable":true,"href":"http:\/\/www.valonkuvaaja.com\/blogi\/wp-json\/wp\/v2\/media\/6813"}],"wp:attachment":[{"href":"http:\/\/www.valonkuvaaja.com\/blogi\/wp-json\/wp\/v2\/media?parent=7229"}],"wp:term":[{"taxonomy":"category","embeddable":true,"href":"http:\/\/www.valonkuvaaja.com\/blogi\/wp-json\/wp\/v2\/categories?post=7229"},{"taxonomy":"post_tag","embeddable":true,"href":"http:\/\/www.valonkuvaaja.com\/blogi\/wp-json\/wp\/v2\/tags?post=7229"}],"curies":[{"name":"wp","href":"https:\/\/api.w.org\/{rel}","templated":true}]}}