{"id":7117,"date":"2017-05-19T11:55:59","date_gmt":"2017-05-19T08:55:59","guid":{"rendered":"http:\/\/www.valonkuvaaja.com\/blogi\/?p=7117"},"modified":"2017-05-17T12:23:10","modified_gmt":"2017-05-17T09:23:10","slug":"villiinny-kevaasta-20-5-2017","status":"publish","type":"post","link":"http:\/\/www.valonkuvaaja.com\/blogi\/villiinny-kevaasta-20-5-2017","title":{"rendered":"Villiinny kev\u00e4\u00e4st\u00e4 20.5.2017"},"content":{"rendered":"<p>Huomenna lauantaina vietet\u00e4\u00e4n <em>Villiinny kev\u00e4\u00e4st\u00e4<\/em> -p\u00e4iv\u00e4\u00e4, joka on osa koko vuoden kest\u00e4v\u00e4\u00e4 Luonnonp\u00e4iv\u00e4t ohjelmaa.<\/p>\n<p><a href=\"http:\/\/www.valonkuvaaja.com\/kuvagalleria\/\"><img loading=\"lazy\" decoding=\"async\" class=\"aligncenter\" src=\"http:\/\/www.valonkuvaaja.com\/kuvagalleria\/albums\/userpics\/10001\/_MTJ6567_siili_takapihalla.jpg\" alt=\"Siili terassin alla. Valokuvaaja: Markus Kauppinen\" width=\"650\" height=\"431\" \/><\/a><\/p>\n<p>Tapahtuman verkkosivut https:\/\/www.luonnonpaivat.fi\/info\/villiinnykevaasta.<\/p>\n<div class=\"test-default-content\">\n<p style=\"text-align: center;\"><strong>Hyv\u00e4\u00e4 viikonloppua teille kaikille!<br \/>\n<\/strong><\/p>\n<p style=\"text-align: center;\">Markus Kauppinen &#8211; Valonkuvaaja<\/p>\n<p style=\"text-align: center;\"><a href=\"http:\/\/www.valonkuvaaja.com\/kuvagalleria\" target=\"_blank\"><img decoding=\"async\" class=\"aligncenter\" title=\"Tervetuloa Valonkuvaajan kuvagalleriaan!\" src=\"\/signeeraus_kuva.jpg\" alt=\"Tervetuloa Valonkuvaajan kuvagalleriaan!\" \/><\/a><\/p>\n<\/div>\n","protected":false},"excerpt":{"rendered":"<p>Huomenna lauantaina vietet\u00e4\u00e4n Villiinny kev\u00e4\u00e4st\u00e4 -p\u00e4iv\u00e4\u00e4, joka on osa koko vuoden kest\u00e4v\u00e4\u00e4 Luonnonp\u00e4iv\u00e4t ohjelmaa. Tapahtuman verkkosivut https:\/\/www.luonnonpaivat.fi\/info\/villiinnykevaasta. Hyv\u00e4\u00e4 viikonloppua teille kaikille! Markus Kauppinen &#8211; Valonkuvaaja<\/p>\n","protected":false},"author":1,"featured_media":6813,"comment_status":"closed","ping_status":"closed","sticky":false,"template":"","format":"standard","meta":{"footnotes":""},"categories":[3,8],"tags":[35,1661,1663,1662],"class_list":["post-7117","post","type-post","status-publish","format-standard","has-post-thumbnail","hentry","category-blogit","category-viimeisimmat","tag-markus-kauppinen","tag-suomen-luonnonpaiva","tag-ulos-luontoon","tag-villiinny-kevaasta"],"aioseo_notices":[],"_links":{"self":[{"href":"http:\/\/www.valonkuvaaja.com\/blogi\/wp-json\/wp\/v2\/posts\/7117","targetHints":{"allow":["GET"]}}],"collection":[{"href":"http:\/\/www.valonkuvaaja.com\/blogi\/wp-json\/wp\/v2\/posts"}],"about":[{"href":"http:\/\/www.valonkuvaaja.com\/blogi\/wp-json\/wp\/v2\/types\/post"}],"author":[{"embeddable":true,"href":"http:\/\/www.valonkuvaaja.com\/blogi\/wp-json\/wp\/v2\/users\/1"}],"replies":[{"embeddable":true,"href":"http:\/\/www.valonkuvaaja.com\/blogi\/wp-json\/wp\/v2\/comments?post=7117"}],"version-history":[{"count":5,"href":"http:\/\/www.valonkuvaaja.com\/blogi\/wp-json\/wp\/v2\/posts\/7117\/revisions"}],"predecessor-version":[{"id":7119,"href":"http:\/\/www.valonkuvaaja.com\/blogi\/wp-json\/wp\/v2\/posts\/7117\/revisions\/7119"}],"wp:featuredmedia":[{"embeddable":true,"href":"http:\/\/www.valonkuvaaja.com\/blogi\/wp-json\/wp\/v2\/media\/6813"}],"wp:attachment":[{"href":"http:\/\/www.valonkuvaaja.com\/blogi\/wp-json\/wp\/v2\/media?parent=7117"}],"wp:term":[{"taxonomy":"category","embeddable":true,"href":"http:\/\/www.valonkuvaaja.com\/blogi\/wp-json\/wp\/v2\/categories?post=7117"},{"taxonomy":"post_tag","embeddable":true,"href":"http:\/\/www.valonkuvaaja.com\/blogi\/wp-json\/wp\/v2\/tags?post=7117"}],"curies":[{"name":"wp","href":"https:\/\/api.w.org\/{rel}","templated":true}]}}