{"id":7020,"date":"2017-02-05T17:30:43","date_gmt":"2017-02-05T15:30:43","guid":{"rendered":"http:\/\/www.valonkuvaaja.com\/blogi\/?p=7020"},"modified":"2017-02-03T02:28:29","modified_gmt":"2017-02-03T00:28:29","slug":"yksi-kuvajako-fbssa-rikkoi-ennatyksia","status":"publish","type":"post","link":"http:\/\/www.valonkuvaaja.com\/blogi\/yksi-kuvajako-fbssa-rikkoi-ennatyksia","title":{"rendered":"Yksi kuvajako FB:ss\u00e4 rikkoi enn\u00e4tyksi\u00e4"},"content":{"rendered":"<p>Maanantaina 23.1.2017 Kilpisj\u00e4rvi ja K\u00e4sivarren er\u00e4maa-alue jakoi Facebook-sivullaan valokuvani Pikku-Mallasta.<\/p>\n<p><iframe loading=\"lazy\" style=\"border: none; overflow: hidden;\" src=\"https:\/\/www.facebook.com\/plugins\/post.php?href=https%3A%2F%2Fwww.facebook.com%2FKilpisjarviJaKasivarrenEramaa%2Fposts%2F1198049396898877&amp;width=500\" width=\"500\" height=\"466\" frameborder=\"0\" scrolling=\"no\"><\/iframe><\/p>\n<p>Se toi v\u00e4litt\u00f6m\u00e4st\u00e4 <a href=\"https:\/\/www.facebook.com\/Valonkuvaajacom\/\" target=\"_blank\">Valonkuvaajacom Facebook<\/a>-sivulleni <strong>7 seuraajaa<\/strong> ja muutamia lis\u00e4\u00e4 viikon aikana. Lis\u00e4ksi Facebookin viikon n\u00e4kyvyys enn\u00e4tys rikkoutui selke\u00e4sti. Tavoitettuja henkil\u00f6it\u00e4 oli parhaimmillaan viikon aikana <strong>14 536<\/strong>.<\/p>\n<p><img decoding=\"async\" class=\"aligncenter\" src=\"https:\/\/c1.staticflickr.com\/1\/563\/32294965620_47ff5d8549_z.jpg\" alt=\"Facebook n\u00e4kyvyys enn\u00e4tys.\" \/><\/p>\n<p>Julkaisu vaikutti positiivisesti my\u00f6s Valonkuvaaja.com sivustoni k\u00e4vij\u00e4m\u00e4\u00e4riin, jotka l\u00e4htiv\u00e4t verrattain huimaan nousuun tuon viikon aikana. T\u00e4h\u00e4n asti hienoimmat lukemat kirjattiin 31.1. jolloin yksil\u00f6ityjen k\u00e4vij\u00f6iden m\u00e4\u00e4r\u00e4 kuukaudessa oli <strong>4695<\/strong> :)!<\/p>\n<p>Viel\u00e4 kun tuota boostia saisi &#8221;hiukan&#8221; jatkettua ja tehostettua niin menisi seuraava tuhat luku rikki l\u00e4hiaikoina. Todella hienot lukemat jo nuokin ovat, mutta n\u00e4lk\u00e4h\u00e4n tunnetusti kasvaa sy\u00f6dess\u00e4 ja ahneella on.. tiedet\u00e4\u00e4n.<\/p>\n<p>Merkkipaalujen rikkoutumisen lis\u00e4ksi t\u00e4m\u00e4n julkaisun tarkoitus oli kertoa, miten paljon yksikin kuvajako somessa voi vaikuttaa. Tuollaisia jakoja kun saisi s\u00e4\u00e4nn\u00f6llisesti niin n\u00e4kyvyys kasvaisi huimasti ja se todenn\u00e4k\u00f6isesti toisi entisest\u00e4\u00e4n enemm\u00e4n n\u00e4kyvyytt\u00e4.<\/p>\n<p style=\"text-align: center;\"><strong>Hyv\u00e4\u00e4 alkavaa viikkoa teille kaikille!<\/strong><\/p>\n<p style=\"text-align: center;\">Markus Kauppinen &#8211; Valonkuvaaja<\/p>\n<div class=\"test-default-content\">\n<p style=\"text-align: center;\"><a href=\"http:\/\/www.valonkuvaaja.com\/kuvagalleria\" target=\"_blank\"><img decoding=\"async\" class=\"aligncenter\" title=\"Tervetuloa Valonkuvaajan kuvagalleriaan!\" src=\"\/signeeraus_kuva.jpg\" alt=\"Tervetuloa Valonkuvaajan kuvagalleriaan!\" \/><\/a><\/p>\n<\/div>\n","protected":false},"excerpt":{"rendered":"<p>Maanantaina 23.1.2017 Kilpisj\u00e4rvi ja K\u00e4sivarren er\u00e4maa-alue jakoi Facebook-sivullaan valokuvani Pikku-Mallasta. Se toi v\u00e4litt\u00f6m\u00e4st\u00e4 Valonkuvaajacom Facebook-sivulleni 7 seuraajaa ja muutamia lis\u00e4\u00e4 viikon aikana. Lis\u00e4ksi Facebookin viikon n\u00e4kyvyys enn\u00e4tys rikkoutui selke\u00e4sti. Tavoitettuja henkil\u00f6it\u00e4 oli parhaimmillaan viikon aikana 14 536. Julkaisu vaikutti positiivisesti &hellip; <a href=\"http:\/\/www.valonkuvaaja.com\/blogi\/yksi-kuvajako-fbssa-rikkoi-ennatyksia\">Lue loppuun <span class=\"meta-nav\">&rarr;<\/span><\/a><\/p>\n","protected":false},"author":1,"featured_media":0,"comment_status":"closed","ping_status":"closed","sticky":false,"template":"","format":"standard","meta":{"footnotes":""},"categories":[3,7,8],"tags":[167,724,1631,35,1632,500],"class_list":["post-7020","post","type-post","status-publish","format-standard","hentry","category-blogit","category-valokuviani","category-viimeisimmat","tag-facebook","tag-kavijaennatys","tag-kuvajako","tag-markus-kauppinen","tag-pikku-malla","tag-some"],"aioseo_notices":[],"_links":{"self":[{"href":"http:\/\/www.valonkuvaaja.com\/blogi\/wp-json\/wp\/v2\/posts\/7020","targetHints":{"allow":["GET"]}}],"collection":[{"href":"http:\/\/www.valonkuvaaja.com\/blogi\/wp-json\/wp\/v2\/posts"}],"about":[{"href":"http:\/\/www.valonkuvaaja.com\/blogi\/wp-json\/wp\/v2\/types\/post"}],"author":[{"embeddable":true,"href":"http:\/\/www.valonkuvaaja.com\/blogi\/wp-json\/wp\/v2\/users\/1"}],"replies":[{"embeddable":true,"href":"http:\/\/www.valonkuvaaja.com\/blogi\/wp-json\/wp\/v2\/comments?post=7020"}],"version-history":[{"count":4,"href":"http:\/\/www.valonkuvaaja.com\/blogi\/wp-json\/wp\/v2\/posts\/7020\/revisions"}],"predecessor-version":[{"id":7026,"href":"http:\/\/www.valonkuvaaja.com\/blogi\/wp-json\/wp\/v2\/posts\/7020\/revisions\/7026"}],"wp:attachment":[{"href":"http:\/\/www.valonkuvaaja.com\/blogi\/wp-json\/wp\/v2\/media?parent=7020"}],"wp:term":[{"taxonomy":"category","embeddable":true,"href":"http:\/\/www.valonkuvaaja.com\/blogi\/wp-json\/wp\/v2\/categories?post=7020"},{"taxonomy":"post_tag","embeddable":true,"href":"http:\/\/www.valonkuvaaja.com\/blogi\/wp-json\/wp\/v2\/tags?post=7020"}],"curies":[{"name":"wp","href":"https:\/\/api.w.org\/{rel}","templated":true}]}}