{"id":6942,"date":"2016-11-30T20:00:10","date_gmt":"2016-11-30T17:00:10","guid":{"rendered":"http:\/\/www.valonkuvaaja.com\/blogi\/?p=6942"},"modified":"2016-12-02T02:17:06","modified_gmt":"2016-12-01T23:17:06","slug":"pimea-marraskuu-loppui-auringonlaskuun","status":"publish","type":"post","link":"http:\/\/www.valonkuvaaja.com\/blogi\/pimea-marraskuu-loppui-auringonlaskuun","title":{"rendered":"Pime\u00e4 marraskuu loppui auringonlaskuun"},"content":{"rendered":"<p><img decoding=\"async\" src=\"https:\/\/c4.staticflickr.com\/6\/5473\/31362138595_311228ba43_z.jpg\" alt=\"Pime\u00e4 marraskuu p\u00e4\u00e4ttyi auringonlaskuun. Kuvaaja: Markus Kauppinen\" \/><\/p>\n<p style=\"text-align: left;\">Pime\u00e4 marraskuu p\u00e4\u00e4ttyi komeaan auringonlaskuun. Matkassa ei ollut j\u00e4rkk\u00e4ri\u00e4, mutta usein niin kovin \u00e4lytt\u00f6m\u00e4npuhelimen kameralla onnistuin tilanteen ikuistamaan.<\/p>\n<p style=\"text-align: left;\">Auringonlaskusta tuli mieleen taakse j\u00e4\u00e4neen kes\u00e4n upeat auringonlaskut joita p\u00e4\u00e4sin muutaman iltana katsomaan ja kuvaamaan. Muistoksi niist\u00e4 j\u00e4i hienojen kuvien sek\u00e4 uusien asioiden oppimisen lis\u00e4ksi l\u00e4mpimi\u00e4 muistoja kylmien talvi-iltojen iloksi.<\/p>\n<p style=\"text-align: left;\">7 kuukautta ja olemme j\u00e4lleen noiden hienojen auringonlaskujen parissa, mutta eip\u00e4 kiirehdit\u00e4 hetke\u00e4k\u00e4\u00e4n. Elet\u00e4\u00e4n sit\u00e4 ennen oleva aika kunnolla niin kuin parhaaksi kukin n\u00e4emme.<\/p>\n<p style=\"text-align: center;\"><strong>Markus Kauppinen &#8211; Valonkuvaaja<\/strong><\/p>\n<div class=\"test-default-content\">\n<p style=\"text-align: center;\"><a href=\"http:\/\/www.valonkuvaaja.com\/kuvagalleria\" target=\"_blank\"><img decoding=\"async\" class=\"aligncenter\" title=\"Tervetuloa Valonkuvaajan kuvagalleriaan!\" src=\"\/signeeraus_kuva.jpg\" alt=\"Tervetuloa Valonkuvaajan kuvagalleriaan!\" \/><\/a><\/p>\n<\/div>\n","protected":false},"excerpt":{"rendered":"<p>Pime\u00e4 marraskuu p\u00e4\u00e4ttyi komeaan auringonlaskuun. Matkassa ei ollut j\u00e4rkk\u00e4ri\u00e4, mutta usein niin kovin \u00e4lytt\u00f6m\u00e4npuhelimen kameralla onnistuin tilanteen ikuistamaan. Auringonlaskusta tuli mieleen taakse j\u00e4\u00e4neen kes\u00e4n upeat auringonlaskut joita p\u00e4\u00e4sin muutaman iltana katsomaan ja kuvaamaan. Muistoksi niist\u00e4 j\u00e4i hienojen kuvien sek\u00e4 uusien &hellip; <a href=\"http:\/\/www.valonkuvaaja.com\/blogi\/pimea-marraskuu-loppui-auringonlaskuun\">Lue loppuun <span class=\"meta-nav\">&rarr;<\/span><\/a><\/p>\n","protected":false},"author":1,"featured_media":0,"comment_status":"closed","ping_status":"closed","sticky":false,"template":"","format":"standard","meta":{"footnotes":""},"categories":[3,7,8],"tags":[1583,1322,32,35,1566,1582],"class_list":["post-6942","post","type-post","status-publish","format-standard","hentry","category-blogit","category-valokuviani","category-viimeisimmat","tag-auringonlasku","tag-iphone-4s","tag-luontokuva","tag-markus-kauppinen","tag-marraskuu","tag-pimea-marraskuu"],"aioseo_notices":[],"_links":{"self":[{"href":"http:\/\/www.valonkuvaaja.com\/blogi\/wp-json\/wp\/v2\/posts\/6942","targetHints":{"allow":["GET"]}}],"collection":[{"href":"http:\/\/www.valonkuvaaja.com\/blogi\/wp-json\/wp\/v2\/posts"}],"about":[{"href":"http:\/\/www.valonkuvaaja.com\/blogi\/wp-json\/wp\/v2\/types\/post"}],"author":[{"embeddable":true,"href":"http:\/\/www.valonkuvaaja.com\/blogi\/wp-json\/wp\/v2\/users\/1"}],"replies":[{"embeddable":true,"href":"http:\/\/www.valonkuvaaja.com\/blogi\/wp-json\/wp\/v2\/comments?post=6942"}],"version-history":[{"count":2,"href":"http:\/\/www.valonkuvaaja.com\/blogi\/wp-json\/wp\/v2\/posts\/6942\/revisions"}],"predecessor-version":[{"id":6944,"href":"http:\/\/www.valonkuvaaja.com\/blogi\/wp-json\/wp\/v2\/posts\/6942\/revisions\/6944"}],"wp:attachment":[{"href":"http:\/\/www.valonkuvaaja.com\/blogi\/wp-json\/wp\/v2\/media?parent=6942"}],"wp:term":[{"taxonomy":"category","embeddable":true,"href":"http:\/\/www.valonkuvaaja.com\/blogi\/wp-json\/wp\/v2\/categories?post=6942"},{"taxonomy":"post_tag","embeddable":true,"href":"http:\/\/www.valonkuvaaja.com\/blogi\/wp-json\/wp\/v2\/tags?post=6942"}],"curies":[{"name":"wp","href":"https:\/\/api.w.org\/{rel}","templated":true}]}}