{"id":6828,"date":"2016-07-10T17:45:12","date_gmt":"2016-07-10T15:45:12","guid":{"rendered":"http:\/\/www.valonkuvaaja.com\/blogi\/?p=6828"},"modified":"2016-07-01T01:32:01","modified_gmt":"2016-06-30T23:32:01","slug":"kuollut-valas-lapsen-uimapuvussa","status":"publish","type":"post","link":"http:\/\/www.valonkuvaaja.com\/blogi\/kuollut-valas-lapsen-uimapuvussa","title":{"rendered":"Kuollut valas lapsen uimapuvussa"},"content":{"rendered":"<p>Kaupassa mukavalta n\u00e4ytt\u00e4nyt lapsen uimapuvun kuosi ei en\u00e4\u00e4 kotona tarkemmin katsottuna n\u00e4ytt\u00e4nytk\u00e4\u00e4n j\u00e4rin kivalta.<\/p>\n<p>Ainakin omassa lapsuudessa piirretyiss\u00e4 ohjelmissa ja omissakin piirroksissa kuolleet erotti siit\u00e4, ett\u00e4 niill\u00e4 oli ruksit silmien kohdalla.<\/p>\n<p><img decoding=\"async\" class=\"aligncenter\" src=\"https:\/\/c5.staticflickr.com\/8\/7790\/27973288876_b9e8c5b5ec.jpg\" alt=\"Kuollut valas lapsen uimapuvussa. Kuvaaja: Markus Kauppinen\" \/><\/p>\n<p>No kaikesta huolimatta t\u00e4ll\u00e4 puvulla saa lapseni nyt kuitenkin polskutella t\u00e4m\u00e4n kes\u00e4n. Seuraavan kerran pit\u00e4\u00e4 olla tarkempi jo kaupassa.<\/p>\n<div class=\"test-default-content\">\n<p style=\"text-align: center;\"><strong>Markus Kauppinen &#8211; Valonkuvaaja<\/strong><\/p>\n<p style=\"text-align: center;\"><a href=\"http:\/\/www.valonkuvaaja.com\/kuvagalleria\" target=\"_blank\"><img decoding=\"async\" class=\"aligncenter\" title=\"Tervetuloa Valonkuvaajan kuvagalleriaan!\" src=\"\/signeeraus_kuva.jpg\" alt=\"Tervetuloa Valonkuvaajan kuvagalleriaan!\" \/><\/a><\/p>\n<\/div>\n","protected":false},"excerpt":{"rendered":"<p>Kaupassa mukavalta n\u00e4ytt\u00e4nyt lapsen uimapuvun kuosi ei en\u00e4\u00e4 kotona tarkemmin katsottuna n\u00e4ytt\u00e4nytk\u00e4\u00e4n j\u00e4rin kivalta. Ainakin omassa lapsuudessa piirretyiss\u00e4 ohjelmissa ja omissakin piirroksissa kuolleet erotti siit\u00e4, ett\u00e4 niill\u00e4 oli ruksit silmien kohdalla. No kaikesta huolimatta t\u00e4ll\u00e4 puvulla saa lapseni nyt kuitenkin &hellip; <a href=\"http:\/\/www.valonkuvaaja.com\/blogi\/kuollut-valas-lapsen-uimapuvussa\">Lue loppuun <span class=\"meta-nav\">&rarr;<\/span><\/a><\/p>\n","protected":false},"author":1,"featured_media":0,"comment_status":"closed","ping_status":"closed","sticky":false,"template":"","format":"standard","meta":{"footnotes":""},"categories":[3,7,8],"tags":[1322,1516,1514,35,1515],"class_list":["post-6828","post","type-post","status-publish","format-standard","hentry","category-blogit","category-valokuviani","category-viimeisimmat","tag-iphone-4s","tag-kuollut-valas","tag-lapsen-uimapuku","tag-markus-kauppinen","tag-uimapuku"],"aioseo_notices":[],"_links":{"self":[{"href":"http:\/\/www.valonkuvaaja.com\/blogi\/wp-json\/wp\/v2\/posts\/6828","targetHints":{"allow":["GET"]}}],"collection":[{"href":"http:\/\/www.valonkuvaaja.com\/blogi\/wp-json\/wp\/v2\/posts"}],"about":[{"href":"http:\/\/www.valonkuvaaja.com\/blogi\/wp-json\/wp\/v2\/types\/post"}],"author":[{"embeddable":true,"href":"http:\/\/www.valonkuvaaja.com\/blogi\/wp-json\/wp\/v2\/users\/1"}],"replies":[{"embeddable":true,"href":"http:\/\/www.valonkuvaaja.com\/blogi\/wp-json\/wp\/v2\/comments?post=6828"}],"version-history":[{"count":6,"href":"http:\/\/www.valonkuvaaja.com\/blogi\/wp-json\/wp\/v2\/posts\/6828\/revisions"}],"predecessor-version":[{"id":6830,"href":"http:\/\/www.valonkuvaaja.com\/blogi\/wp-json\/wp\/v2\/posts\/6828\/revisions\/6830"}],"wp:attachment":[{"href":"http:\/\/www.valonkuvaaja.com\/blogi\/wp-json\/wp\/v2\/media?parent=6828"}],"wp:term":[{"taxonomy":"category","embeddable":true,"href":"http:\/\/www.valonkuvaaja.com\/blogi\/wp-json\/wp\/v2\/categories?post=6828"},{"taxonomy":"post_tag","embeddable":true,"href":"http:\/\/www.valonkuvaaja.com\/blogi\/wp-json\/wp\/v2\/tags?post=6828"}],"curies":[{"name":"wp","href":"https:\/\/api.w.org\/{rel}","templated":true}]}}