{"id":6731,"date":"2016-04-15T17:00:02","date_gmt":"2016-04-15T15:00:02","guid":{"rendered":"http:\/\/www.valonkuvaaja.com\/blogi\/?p=6731"},"modified":"2016-05-08T13:42:52","modified_gmt":"2016-05-08T11:42:52","slug":"hameenkaaren-purku-kaynnissa","status":"publish","type":"post","link":"http:\/\/www.valonkuvaaja.com\/blogi\/hameenkaaren-purku-kaynnissa","title":{"rendered":"H\u00e4meenkaaren purku k\u00e4ynniss\u00e4"},"content":{"rendered":"<p><img decoding=\"async\" class=\"aligncenter\" src=\"http:\/\/www.valonkuvaaja.com\/kuvagalleria\/albums\/userpics\/10001\/IMG_2445_hameenkaaren_purku_.jpg\" alt=\"H\u00e4meenkaaren purku k\u00e4ynniss\u00e4. Valokuvaaja: Markus Kauppinen\" \/><\/p>\n<p>Kuluvalla viikolla alkoi H\u00e4meenkaaren purkaminen. Maanp\u00e4\u00e4ll\u00e4 olevat rakenteen puretaan p\u00e4\u00e4osin ensi viikon aikana ja sitten alkaa kellarin purkaminen. Valmista pit\u00e4isi tulla ennen syksyn alkua.<\/p>\n<div class=\"test-default-content\">\n<p style=\"text-align: center;\"><strong>Markus Kauppinen &#8211; Valonkuvaaja<\/strong><\/p>\n<p style=\"text-align: center;\"><a href=\"http:\/\/www.valonkuvaaja.com\/kuvagalleria\" target=\"_blank\"><img decoding=\"async\" class=\"aligncenter\" title=\"Tervetuloa Valonkuvaajan kuvagalleriaan!\" src=\"\/signeeraus_kuva.jpg\" alt=\"Tervetuloa Valonkuvaajan kuvagalleriaan!\" \/><\/a><\/p>\n<\/div>\n","protected":false},"excerpt":{"rendered":"<p>Kuluvalla viikolla alkoi H\u00e4meenkaaren purkaminen. Maanp\u00e4\u00e4ll\u00e4 olevat rakenteen puretaan p\u00e4\u00e4osin ensi viikon aikana ja sitten alkaa kellarin purkaminen. Valmista pit\u00e4isi tulla ennen syksyn alkua. Markus Kauppinen &#8211; Valonkuvaaja<\/p>\n","protected":false},"author":1,"featured_media":0,"comment_status":"closed","ping_status":"closed","sticky":false,"template":"","format":"standard","meta":{"footnotes":""},"categories":[3,7,8],"tags":[1464,575,1322,1468,1467,35,1465,1466],"class_list":["post-6731","post","type-post","status-publish","format-standard","hentry","category-blogit","category-valokuviani","category-viimeisimmat","tag-hameenkaari","tag-hameenlinna","tag-iphone-4s","tag-kevataurinko","tag-liikuntahalli","tag-markus-kauppinen","tag-purku","tag-purkutyo"],"aioseo_notices":[],"_links":{"self":[{"href":"http:\/\/www.valonkuvaaja.com\/blogi\/wp-json\/wp\/v2\/posts\/6731","targetHints":{"allow":["GET"]}}],"collection":[{"href":"http:\/\/www.valonkuvaaja.com\/blogi\/wp-json\/wp\/v2\/posts"}],"about":[{"href":"http:\/\/www.valonkuvaaja.com\/blogi\/wp-json\/wp\/v2\/types\/post"}],"author":[{"embeddable":true,"href":"http:\/\/www.valonkuvaaja.com\/blogi\/wp-json\/wp\/v2\/users\/1"}],"replies":[{"embeddable":true,"href":"http:\/\/www.valonkuvaaja.com\/blogi\/wp-json\/wp\/v2\/comments?post=6731"}],"version-history":[{"count":2,"href":"http:\/\/www.valonkuvaaja.com\/blogi\/wp-json\/wp\/v2\/posts\/6731\/revisions"}],"predecessor-version":[{"id":6760,"href":"http:\/\/www.valonkuvaaja.com\/blogi\/wp-json\/wp\/v2\/posts\/6731\/revisions\/6760"}],"wp:attachment":[{"href":"http:\/\/www.valonkuvaaja.com\/blogi\/wp-json\/wp\/v2\/media?parent=6731"}],"wp:term":[{"taxonomy":"category","embeddable":true,"href":"http:\/\/www.valonkuvaaja.com\/blogi\/wp-json\/wp\/v2\/categories?post=6731"},{"taxonomy":"post_tag","embeddable":true,"href":"http:\/\/www.valonkuvaaja.com\/blogi\/wp-json\/wp\/v2\/tags?post=6731"}],"curies":[{"name":"wp","href":"https:\/\/api.w.org\/{rel}","templated":true}]}}