{"id":6551,"date":"2015-08-23T16:16:22","date_gmt":"2015-08-23T13:16:22","guid":{"rendered":"http:\/\/www.valonkuvaaja.com\/blogi\/?p=6551"},"modified":"2015-08-17T22:50:49","modified_gmt":"2015-08-17T19:50:49","slug":"vandalismia-lastenvaunuihin","status":"publish","type":"post","link":"http:\/\/www.valonkuvaaja.com\/blogi\/vandalismia-lastenvaunuihin","title":{"rendered":"Vandalismia lastenvaunuihin"},"content":{"rendered":"<div class=\"test-default-content\">\n<p style=\"text-align: left;\">Maailmassa on paljon ongelmia isoja ja pienempi\u00e4. T\u00e4m\u00e4 kansa valittaa jne. Kaikesta tuosta huolimatta ja ehk\u00e4 juuri siksi pit\u00e4\u00e4 j\u00e4lleen allekirjoittaneenkin avautua yhdest\u00e4 sellaisesta pienest\u00e4 ongelmasta.<\/p>\n<p><a title=\"Puhkottu lastenvaunun rengas\" href=\"https:\/\/www.flickr.com\/photos\/mtj-art\/20475286420\/in\/dateposted-public\/\" data-flickr-embed=\"true\"><img loading=\"lazy\" decoding=\"async\" src=\"https:\/\/farm1.staticflickr.com\/692\/20475286420_d077121326_z.jpg\" alt=\"Puhkottu lastenvaunun rengas\" width=\"640\" height=\"480\" \/><\/a><script src=\"\/\/embedr.flickr.com\/assets\/client-code.js\" async=\"\" charset=\"utf-8\"><\/script><\/p>\n<p>Miten tyls\u00e4\u00e4 voi el\u00e4m\u00e4 olla, ett\u00e4 pit\u00e4\u00e4 lukollisessa tilassa alkaa puhkomaan lastenvaunujen rengasta?<\/p>\n<p>Polkupy\u00f6r\u00e4ni ovat kokeneet vastaavissa tiloissa renkaiden tyhjent\u00e4mist\u00e4, mutta viiltelylt\u00e4 ne ovat sent\u00e4\u00e4n s\u00e4\u00e4styneet. Lis\u00e4ksi jossain vaiheessa oli muodissa irroittaa renkaiden kiinnikkeit\u00e4 ja se kanssa oli todella mukavaa aikaa. Siin\u00e4 oli sitten turvallisuus sek\u00e4 vanteet koetuksella.<\/p>\n<p>Ei nyt jotenkin jaksaisi maksaa muiden idioottimaisuudesta omasta kukkarosta ja kortilla olevasta ajasta, joita t\u00e4mm\u00f6isiin ilkivallantekoihin yll\u00e4tt\u00e4v\u00e4n paljon kuluu.<\/p>\n<p>Toivoa sopii ettei jatkossa vaunumme kohtaisi n\u00e4it\u00e4 j\u00e4rjenj\u00e4ttil\u00e4isi\u00e4. Nyt ei vaan tosiaan yht\u00e4\u00e4n jaksaisi t\u00e4mm\u00f6ist\u00e4 toimintaa.<\/p>\n<p>Parempaa viikkoa odotellessa ja sellaista teille kaikille toivoessa lopetan t\u00e4h\u00e4n t\u00e4ll\u00e4 kertaa.<\/p>\n<p style=\"text-align: center;\"><strong>Markus Kauppinen &#8211; Valonkuvaaja<\/strong><\/p>\n<p style=\"text-align: center;\"><a href=\"http:\/\/www.valonkuvaaja.com\/kuvagalleria\" target=\"_blank\"><img decoding=\"async\" class=\"aligncenter\" title=\"Tervetuloa Valonkuvaajan kuvagMik\u00e4 n\u00e4it\u00e4 kansalaisia vaivaa \/ Vandalismia lastenvaunuihin Maailmassa on paljon ongelmia isoja ja pienempi\u00e4. T\u00e4m\u00e4 kansa valittaa jne. Kaikesta tuosta huolimatta ja ehk\u00e4 juuri siksi pit\u00e4\u00e4 j\u00e4lleen allekirjoittaneenkin avautua. (Kuva renkaasta) Miten tyls\u00e4\u00e4 voi el\u00e4m\u00e4 olla, ett\u00e4 pit\u00e4\u00e4 lukollisessa tilassa alkaa puhkomaan lastenvaunujen rengasta? Polkupy\u00f6r\u00e4ni ovat kokeneet vastaavissa tiloissa renkaiden tyhjent\u00e4mist\u00e4, mutta viiltelylt\u00e4 ne ovat sent\u00e4\u00e4n s\u00e4\u00e4styneet. Ei nyt jotenkin jaksaisi maksaa muiden idioottimaisuudesta omasta kukkarosta ja kortilla olevasta ajasta, joita t\u00e4mm\u00f6isiin ilkivallantekoihin yll\u00e4tt\u00e4v\u00e4n paljon kuluu. Toivoa sopii ettei jatkossa vaunumme kohtaisi n\u00e4it\u00e4 j\u00e4rjenj\u00e4ttil\u00e4isi\u00e4. Nyt ei vaan tosiaan yht\u00e4\u00e4n jaksaisi t\u00e4mm\u00f6ist\u00e4 toimintaa. Parempaa viikkoa odotellessa ja sellaista teille kaikille toivoessa lopetan t\u00e4h\u00e4n t\u00e4ll\u00e4 kertaa. alleriaan!\" src=\"\/signeeraus_kuva.jpg\" alt=\"Tervetuloa Valonkuvaajan kuvagalleriaan!\" \/><\/a><\/p>\n<\/div>\n","protected":false},"excerpt":{"rendered":"<p>Maailmassa on paljon ongelmia isoja ja pienempi\u00e4. T\u00e4m\u00e4 kansa valittaa jne. Kaikesta tuosta huolimatta ja ehk\u00e4 juuri siksi pit\u00e4\u00e4 j\u00e4lleen allekirjoittaneenkin avautua yhdest\u00e4 sellaisesta pienest\u00e4 ongelmasta. Miten tyls\u00e4\u00e4 voi el\u00e4m\u00e4 olla, ett\u00e4 pit\u00e4\u00e4 lukollisessa tilassa alkaa puhkomaan lastenvaunujen rengasta? Polkupy\u00f6r\u00e4ni &hellip; <a href=\"http:\/\/www.valonkuvaaja.com\/blogi\/vandalismia-lastenvaunuihin\">Lue loppuun <span class=\"meta-nav\">&rarr;<\/span><\/a><\/p>\n","protected":false},"author":1,"featured_media":0,"comment_status":"closed","ping_status":"closed","sticky":false,"template":"","format":"standard","meta":{"footnotes":""},"categories":[3,8],"tags":[1350,426,1286,1346,35,1348,1349,1347],"class_list":["post-6551","post","type-post","status-publish","format-standard","hentry","category-blogit","category-viimeisimmat","tag-harmi","tag-ilkivalta","tag-iphone","tag-lastenvaunu","tag-markus-kauppinen","tag-puhkottu","tag-puhkottu-rengas","tag-rengas"],"aioseo_notices":[],"_links":{"self":[{"href":"http:\/\/www.valonkuvaaja.com\/blogi\/wp-json\/wp\/v2\/posts\/6551","targetHints":{"allow":["GET"]}}],"collection":[{"href":"http:\/\/www.valonkuvaaja.com\/blogi\/wp-json\/wp\/v2\/posts"}],"about":[{"href":"http:\/\/www.valonkuvaaja.com\/blogi\/wp-json\/wp\/v2\/types\/post"}],"author":[{"embeddable":true,"href":"http:\/\/www.valonkuvaaja.com\/blogi\/wp-json\/wp\/v2\/users\/1"}],"replies":[{"embeddable":true,"href":"http:\/\/www.valonkuvaaja.com\/blogi\/wp-json\/wp\/v2\/comments?post=6551"}],"version-history":[{"count":1,"href":"http:\/\/www.valonkuvaaja.com\/blogi\/wp-json\/wp\/v2\/posts\/6551\/revisions"}],"predecessor-version":[{"id":6552,"href":"http:\/\/www.valonkuvaaja.com\/blogi\/wp-json\/wp\/v2\/posts\/6551\/revisions\/6552"}],"wp:attachment":[{"href":"http:\/\/www.valonkuvaaja.com\/blogi\/wp-json\/wp\/v2\/media?parent=6551"}],"wp:term":[{"taxonomy":"category","embeddable":true,"href":"http:\/\/www.valonkuvaaja.com\/blogi\/wp-json\/wp\/v2\/categories?post=6551"},{"taxonomy":"post_tag","embeddable":true,"href":"http:\/\/www.valonkuvaaja.com\/blogi\/wp-json\/wp\/v2\/tags?post=6551"}],"curies":[{"name":"wp","href":"https:\/\/api.w.org\/{rel}","templated":true}]}}