{"id":6542,"date":"2015-08-14T18:18:49","date_gmt":"2015-08-14T15:18:49","guid":{"rendered":"http:\/\/www.valonkuvaaja.com\/blogi\/?p=6542"},"modified":"2015-08-17T22:16:54","modified_gmt":"2015-08-17T19:16:54","slug":"heinakuun-lopun-puutarhaseuranta","status":"publish","type":"post","link":"http:\/\/www.valonkuvaaja.com\/blogi\/heinakuun-lopun-puutarhaseuranta","title":{"rendered":"Hein\u00e4kuun lopun puutarhaseuranta"},"content":{"rendered":"<p>Nyt julkaisu vuorossa on <a href=\"http:\/\/www.valonkuvaaja.com\/blogi\/heinakuun-puolivalin-puutarhaseuranta\">viime viikolla lupaamani<\/a> puutarhakuvat hein\u00e4kuun lopulta, 25.7.2015.<\/p>\n<p><a title=\"Puutarhaseuranta 2.7.2015\" href=\"https:\/\/www.flickr.com\/photos\/mtj-art\/20302781621\/in\/dateposted-public\/\" data-flickr-embed=\"true\"><img loading=\"lazy\" decoding=\"async\" src=\"https:\/\/farm1.staticflickr.com\/262\/20302781621_851bf0be70_z.jpg\" alt=\"Puutarhaseuranta 2.7.2015\" width=\"640\" height=\"424\" \/><\/a><script src=\"\/\/embedr.flickr.com\/assets\/client-code.js\" async=\"\" charset=\"utf-8\"><\/script>Mansikoita ehdimme hein\u00e4kuussa sy\u00f6d\u00e4 yll\u00e4tt\u00e4v\u00e4n monta, ennen kuin rastaat ehtiv\u00e4t niit\u00e4 nokkimaan. Aiemmin ei ole vastaavanlaista virhett\u00e4 pihapiirimme rastaille tapahtunut.<\/p>\n<p><a title=\"Puutarhaseuranta 2.7.2015\" href=\"https:\/\/www.flickr.com\/photos\/mtj-art\/20296784965\/in\/dateposted-public\/\" data-flickr-embed=\"true\"><img loading=\"lazy\" decoding=\"async\" src=\"https:\/\/farm1.staticflickr.com\/514\/20296784965_0a9bde19d0_z.jpg\" alt=\"Puutarhaseuranta 2.7.2015\" width=\"640\" height=\"424\" \/><\/a><script src=\"\/\/embedr.flickr.com\/assets\/client-code.js\" async=\"\" charset=\"utf-8\"><\/script><\/p>\n<p><a title=\"Puutarhaseuranta 2.7.2015\" href=\"https:\/\/www.flickr.com\/photos\/mtj-art\/20108755200\/in\/dateposted-public\/\" data-flickr-embed=\"true\"><img loading=\"lazy\" decoding=\"async\" src=\"https:\/\/farm1.staticflickr.com\/452\/20108755200_1a314f96d5_z.jpg\" alt=\"Puutarhaseuranta 2.7.2015\" width=\"640\" height=\"424\" \/><\/a><\/p>\n<p><script src=\"\/\/embedr.flickr.com\/assets\/client-code.js\" async=\"\" charset=\"utf-8\"><\/script><a title=\"Puutarhaseuranta 2.7.2015\" href=\"https:\/\/www.flickr.com\/photos\/mtj-art\/20108773548\/in\/dateposted-public\/\" data-flickr-embed=\"true\"><img loading=\"lazy\" decoding=\"async\" src=\"https:\/\/farm1.staticflickr.com\/543\/20108773548_4bfbae2a20_z.jpg\" alt=\"Puutarhaseuranta 2.7.2015\" width=\"640\" height=\"424\" \/><\/a>Ensimm\u00e4ist\u00e4 kertaa siemenest\u00e4 kasvattamani ryhm\u00e4samenttikukat kasvavat ja kukkivat. Siemenest\u00e4 kasvattaminen on mukavaa puuhaa, ainakin onnistumisien hetkill\u00e4 :)!<script src=\"\/\/embedr.flickr.com\/assets\/client-code.js\" async=\"\" charset=\"utf-8\"><\/script><\/p>\n<p><a title=\"Puutarhaseuranta 25.7.2015\" href=\"https:\/\/www.flickr.com\/photos\/mtj-art\/19674147534\/in\/dateposted-public\/\" data-flickr-embed=\"true\"><img loading=\"lazy\" decoding=\"async\" src=\"https:\/\/farm1.staticflickr.com\/488\/19674147534_ae81b89518_z.jpg\" alt=\"Puutarhaseuranta 25.7.2015\" width=\"640\" height=\"424\" \/><\/a>Viime vuonna kasvattamani ja syksyll\u00e4 istuttamani harjaneilikan taimet puhkesivat my\u00f6s hienoon loistoon hein\u00e4kuussa. N\u00e4it\u00e4 pit\u00e4\u00e4 yritt\u00e4\u00e4 saada ensi kes\u00e4ksi lis\u00e4\u00e4.<\/p>\n<p><script src=\"\/\/embedr.flickr.com\/assets\/client-code.js\" async=\"\" charset=\"utf-8\"><\/script><a title=\"Puutarhaseuranta 25.7.2015\" href=\"https:\/\/www.flickr.com\/photos\/mtj-art\/20108479978\/in\/dateposted-public\/\" data-flickr-embed=\"true\"><img loading=\"lazy\" decoding=\"async\" src=\"https:\/\/farm1.staticflickr.com\/451\/20108479978_797950fe33_z.jpg\" alt=\"Puutarhaseuranta 25.7.2015\" width=\"640\" height=\"424\" \/><\/a><script src=\"\/\/embedr.flickr.com\/assets\/client-code.js\" async=\"\" charset=\"utf-8\"><\/script><\/p>\n<p><a title=\"Puutarhaseuranta 25.7.2015\" href=\"https:\/\/www.flickr.com\/photos\/mtj-art\/19675525323\/in\/dateposted-public\/\" data-flickr-embed=\"true\"><img loading=\"lazy\" decoding=\"async\" class=\" aligncenter\" src=\"https:\/\/farm1.staticflickr.com\/469\/19675525323_94b3406084_z.jpg\" alt=\"Puutarhaseuranta 25.7.2015\" width=\"424\" height=\"640\" \/><\/a><\/p>\n<p><script src=\"\/\/embedr.flickr.com\/assets\/client-code.js\" async=\"\" charset=\"utf-8\"><\/script><a title=\"Puutarhaseuranta 25.7.2015\" href=\"https:\/\/www.flickr.com\/photos\/mtj-art\/20296493615\/in\/dateposted-public\/\" data-flickr-embed=\"true\"><img loading=\"lazy\" decoding=\"async\" src=\"https:\/\/farm1.staticflickr.com\/446\/20296493615_2688804142_z.jpg\" alt=\"Puutarhaseuranta 25.7.2015\" width=\"640\" height=\"424\" \/><\/a><script src=\"\/\/embedr.flickr.com\/assets\/client-code.js\" async=\"\" charset=\"utf-8\"><\/script><\/p>\n<p><a title=\"Puutarhaseuranta 25.7.2015\" href=\"https:\/\/www.flickr.com\/photos\/mtj-art\/20108481898\/in\/dateposted-public\/\" data-flickr-embed=\"true\"><img loading=\"lazy\" decoding=\"async\" src=\"https:\/\/farm1.staticflickr.com\/415\/20108481898_d99ed80c50_z.jpg\" alt=\"Puutarhaseuranta 25.7.2015\" width=\"640\" height=\"424\" \/><\/a>Peikonkakkarat ovat kukkineet my\u00f6s hyvin ja pitk\u00e4\u00e4n. Niiden siemenet menev\u00e4t hankintalistalle my\u00f6s ensi kes\u00e4lle.<script src=\"\/\/embedr.flickr.com\/assets\/client-code.js\" async=\"\" charset=\"utf-8\"><\/script><\/p>\n<h3>Lis\u00e4\u00e4 aiheesta Valonkuvaajan blogissa<\/h3>\n<ul>\n<li><a href=\"http:\/\/www.valonkuvaaja.com\/blogi\/heinakuun-alun-puutarhaseuranta\" target=\"_blank\">Hein\u00e4kuun alun puutarhaseuranta<\/a><\/li>\n<li><a href=\"http:\/\/www.valonkuvaaja.com\/blogi\/juhannusviikon-puutarhaseuranta\" target=\"_blank\">Juhannusviikon puutarhaseuranta<\/a><\/li>\n<li><a href=\"http:\/\/www.valonkuvaaja.com\/blogi\/takapihan-kuulumisia\" target=\"_blank\">Takapihan kuulumisia<\/a><\/li>\n<li><a href=\"http:\/\/www.valonkuvaaja.com\/blogi\/kevat-nakyy-myos-puutarhassa\" target=\"_blank\">Kev\u00e4t n\u00e4kyy my\u00f6s puutarhassa<\/a><\/li>\n<\/ul>\n<div class=\"test-default-content\">\n<p style=\"text-align: center;\"><strong>Markus Kauppinen &#8211; Valonkuvaaja<\/strong><\/p>\n<p style=\"text-align: center;\"><a href=\"http:\/\/www.valonkuvaaja.com\/kuvagalleria\" target=\"_blank\"><img decoding=\"async\" class=\"aligncenter\" title=\"Tervetuloa Valonkuvaajan kuvagalleriaan!\" src=\"\/signeeraus_kuva.jpg\" alt=\"Tervetuloa Valonkuvaajan kuvagalleriaan!\" \/><\/a><\/p>\n<\/div>\n","protected":false},"excerpt":{"rendered":"<p>Nyt julkaisu vuorossa on viime viikolla lupaamani puutarhakuvat hein\u00e4kuun lopulta, 25.7.2015. Mansikoita ehdimme hein\u00e4kuussa sy\u00f6d\u00e4 yll\u00e4tt\u00e4v\u00e4n monta, ennen kuin rastaat ehtiv\u00e4t niit\u00e4 nokkimaan. Aiemmin ei ole vastaavanlaista virhett\u00e4 pihapiirimme rastaille tapahtunut. Ensimm\u00e4ist\u00e4 kertaa siemenest\u00e4 kasvattamani ryhm\u00e4samenttikukat kasvavat ja kukkivat. Siemenest\u00e4 &hellip; <a href=\"http:\/\/www.valonkuvaaja.com\/blogi\/heinakuun-lopun-puutarhaseuranta\">Lue loppuun <span class=\"meta-nav\">&rarr;<\/span><\/a><\/p>\n","protected":false},"author":1,"featured_media":0,"comment_status":"closed","ping_status":"closed","sticky":false,"template":"","format":"standard","meta":{"footnotes":""},"categories":[3,7,8],"tags":[1331,27,726,35,41,156,1239,1321],"class_list":["post-6542","post","type-post","status-publish","format-standard","hentry","category-blogit","category-valokuviani","category-viimeisimmat","tag-heinakuu","tag-kukka","tag-luontokuvaus","tag-markus-kauppinen","tag-pentax","tag-pentax-k-5","tag-puutarha","tag-puutarhaseuranta"],"aioseo_notices":[],"_links":{"self":[{"href":"http:\/\/www.valonkuvaaja.com\/blogi\/wp-json\/wp\/v2\/posts\/6542","targetHints":{"allow":["GET"]}}],"collection":[{"href":"http:\/\/www.valonkuvaaja.com\/blogi\/wp-json\/wp\/v2\/posts"}],"about":[{"href":"http:\/\/www.valonkuvaaja.com\/blogi\/wp-json\/wp\/v2\/types\/post"}],"author":[{"embeddable":true,"href":"http:\/\/www.valonkuvaaja.com\/blogi\/wp-json\/wp\/v2\/users\/1"}],"replies":[{"embeddable":true,"href":"http:\/\/www.valonkuvaaja.com\/blogi\/wp-json\/wp\/v2\/comments?post=6542"}],"version-history":[{"count":4,"href":"http:\/\/www.valonkuvaaja.com\/blogi\/wp-json\/wp\/v2\/posts\/6542\/revisions"}],"predecessor-version":[{"id":6549,"href":"http:\/\/www.valonkuvaaja.com\/blogi\/wp-json\/wp\/v2\/posts\/6542\/revisions\/6549"}],"wp:attachment":[{"href":"http:\/\/www.valonkuvaaja.com\/blogi\/wp-json\/wp\/v2\/media?parent=6542"}],"wp:term":[{"taxonomy":"category","embeddable":true,"href":"http:\/\/www.valonkuvaaja.com\/blogi\/wp-json\/wp\/v2\/categories?post=6542"},{"taxonomy":"post_tag","embeddable":true,"href":"http:\/\/www.valonkuvaaja.com\/blogi\/wp-json\/wp\/v2\/tags?post=6542"}],"curies":[{"name":"wp","href":"https:\/\/api.w.org\/{rel}","templated":true}]}}