{"id":6530,"date":"2015-07-22T09:30:39","date_gmt":"2015-07-22T06:30:39","guid":{"rendered":"http:\/\/www.valonkuvaaja.com\/blogi\/?p=6530"},"modified":"2015-08-17T22:19:09","modified_gmt":"2015-08-17T19:19:09","slug":"lentokone-laskeutui-visamaen-parkkipaikalle","status":"publish","type":"post","link":"http:\/\/www.valonkuvaaja.com\/blogi\/lentokone-laskeutui-visamaen-parkkipaikalle","title":{"rendered":"Lentokone laskeutui Vis\u00e4m\u00e4en parkkipaikalle"},"content":{"rendered":"<div class=\"test-default-content\">\n<p style=\"text-align: left;\">T\u00e4n\u00e4\u00e4n se kauan (ainakin H\u00e4meess\u00e4) hehkutettu AC\/DC konsertti Kantola Event Parkissa koittaa! Jo etuk\u00e4teen on kerrottu miten ja mill\u00e4 v\u00e4lineill\u00e4 kotimaan pienemm\u00e4n ja suuremmat julkkikset paikalle saapuvat.<\/p>\n<p><a title=\"Kantola Event Park | Lentokone laskeutui parkkipaikalle\" href=\"https:\/\/www.flickr.com\/photos\/mtj-art\/19667187380\/in\/dateposted-public\/\" data-flickr-embed=\"true\"><img loading=\"lazy\" decoding=\"async\" src=\"https:\/\/farm1.staticflickr.com\/465\/19667187380_ec987556f9_z.jpg\" alt=\"Kantola Event Park | Lentokone laskeutui parkkipaikalle\" width=\"640\" height=\"424\" \/><\/a><script src=\"\/\/embedr.flickr.com\/assets\/client-code.js\" async=\"\" charset=\"utf-8\"><\/script><\/p>\n<p style=\"text-align: left;\">Heist\u00e4 en sen enemp\u00e4\u00e4 tied\u00e4 enk\u00e4 kerro, mutta sen verran nyt pit\u00e4\u00e4 viel\u00e4 asiasta kirjoitella ennen tapahtumaa, ett\u00e4 Visam\u00e4en parkkipaikan ensimm\u00e4inen asiakas tuli paikalle tyylill\u00e4 &#8211; pienlentokoneella.<\/p>\n<p style=\"text-align: center;\"><strong>Markus Kauppinen &#8211; Valonkuvaaja<\/strong><\/p>\n<p style=\"text-align: center;\"><a href=\"http:\/\/www.valonkuvaaja.com\/kuvagalleria\" target=\"_blank\"><img decoding=\"async\" class=\"aligncenter\" title=\"Tervetuloa Valonkuvaajan kuvagalleriaan!\" src=\"\/signeeraus_kuva.jpg\" alt=\"Tervetuloa Valonkuvaajan kuvagalleriaan!\" \/><\/a><\/p>\n<\/div>\n","protected":false},"excerpt":{"rendered":"<p>T\u00e4n\u00e4\u00e4n se kauan (ainakin H\u00e4meess\u00e4) hehkutettu AC\/DC konsertti Kantola Event Parkissa koittaa! Jo etuk\u00e4teen on kerrottu miten ja mill\u00e4 v\u00e4lineill\u00e4 kotimaan pienemm\u00e4n ja suuremmat julkkikset paikalle saapuvat. Heist\u00e4 en sen enemp\u00e4\u00e4 tied\u00e4 enk\u00e4 kerro, mutta sen verran nyt pit\u00e4\u00e4 viel\u00e4 &hellip; <a href=\"http:\/\/www.valonkuvaaja.com\/blogi\/lentokone-laskeutui-visamaen-parkkipaikalle\">Lue loppuun <span class=\"meta-nav\">&rarr;<\/span><\/a><\/p>\n","protected":false},"author":1,"featured_media":0,"comment_status":"closed","ping_status":"closed","sticky":false,"template":"","format":"standard","meta":{"footnotes":""},"categories":[3,7,8],"tags":[1337,1338,1335,349,1341,35,41,156,1342,992,1339],"class_list":["post-6530","post","type-post","status-publish","format-standard","hentry","category-blogit","category-valokuviani","category-viimeisimmat","tag-acdc","tag-acdc-hameenlinna","tag-kantola-event-park","tag-konsertti","tag-lentokone","tag-markus-kauppinen","tag-pentax","tag-pentax-k-5","tag-pienlentokone","tag-tapahtumakuvaus","tag-visamaki"],"aioseo_notices":[],"_links":{"self":[{"href":"http:\/\/www.valonkuvaaja.com\/blogi\/wp-json\/wp\/v2\/posts\/6530","targetHints":{"allow":["GET"]}}],"collection":[{"href":"http:\/\/www.valonkuvaaja.com\/blogi\/wp-json\/wp\/v2\/posts"}],"about":[{"href":"http:\/\/www.valonkuvaaja.com\/blogi\/wp-json\/wp\/v2\/types\/post"}],"author":[{"embeddable":true,"href":"http:\/\/www.valonkuvaaja.com\/blogi\/wp-json\/wp\/v2\/users\/1"}],"replies":[{"embeddable":true,"href":"http:\/\/www.valonkuvaaja.com\/blogi\/wp-json\/wp\/v2\/comments?post=6530"}],"version-history":[{"count":2,"href":"http:\/\/www.valonkuvaaja.com\/blogi\/wp-json\/wp\/v2\/posts\/6530\/revisions"}],"predecessor-version":[{"id":6532,"href":"http:\/\/www.valonkuvaaja.com\/blogi\/wp-json\/wp\/v2\/posts\/6530\/revisions\/6532"}],"wp:attachment":[{"href":"http:\/\/www.valonkuvaaja.com\/blogi\/wp-json\/wp\/v2\/media?parent=6530"}],"wp:term":[{"taxonomy":"category","embeddable":true,"href":"http:\/\/www.valonkuvaaja.com\/blogi\/wp-json\/wp\/v2\/categories?post=6530"},{"taxonomy":"post_tag","embeddable":true,"href":"http:\/\/www.valonkuvaaja.com\/blogi\/wp-json\/wp\/v2\/tags?post=6530"}],"curies":[{"name":"wp","href":"https:\/\/api.w.org\/{rel}","templated":true}]}}