{"id":6526,"date":"2015-07-18T17:17:19","date_gmt":"2015-07-18T14:17:19","guid":{"rendered":"http:\/\/www.valonkuvaaja.com\/blogi\/?p=6526"},"modified":"2015-08-17T22:20:09","modified_gmt":"2015-08-17T19:20:09","slug":"acdc-konsertin-parkkipaikka-odottaa-juhlijoita","status":"publish","type":"post","link":"http:\/\/www.valonkuvaaja.com\/blogi\/acdc-konsertin-parkkipaikka-odottaa-juhlijoita","title":{"rendered":"AC\/DC konsertin parkkipaikka odottaa juhlijoita"},"content":{"rendered":"<p><img loading=\"lazy\" decoding=\"async\" src=\"https:\/\/farm1.staticflickr.com\/441\/19135594464_480d74db4b_z.jpg\" alt=\"Kantola Event Park | Visam\u00e4en parkkialue\" width=\"640\" height=\"424\" \/><\/p>\n<p>Visam\u00e4en v\u00e4liaikainen parkkipaikka Kantola Event Parkin ensimm\u00e4ist\u00e4 suurtapahtumaan varten valmistui kolmessa p\u00e4iv\u00e4ss\u00e4. Oletin, ett\u00e4 pelto t\u00e4ytett\u00e4isiin soralla kuten asuntomessuihin osoittautui pahasti v\u00e4\u00e4r\u00e4ksi.<\/p>\n<p><img loading=\"lazy\" decoding=\"async\" src=\"https:\/\/farm4.staticflickr.com\/3731\/19135593304_27f0c943ea_z.jpg\" alt=\"Kantola Event Park | Visam\u00e4en parkkialue\" width=\"640\" height=\"424\" \/><\/p>\n<p>Kolmantena p\u00e4iv\u00e4n ei en\u00e4\u00e4 soraa tuotu pellolle vaan ainoastaan pellon kasvusto siistittiin lyhyeksi. Joten j\u00e4rjest\u00e4j\u00e4n toiveissa lienee kuivat ajat ennen juhlap\u00e4iv\u00e4\u00e4 ja silloinkin. Tosin s\u00e4\u00e4ennusteet ainakin viel\u00e4 toistaiseksi ennustavat enemm\u00e4n ja v\u00e4hemm\u00e4n sateisia aikoja. Jos sateet todellakin tulevat niin peltoparkista tulee mielenkiintoinen paikka. Viimeist\u00e4\u00e4n konsertin j\u00e4lkeen on hinaushihnoille ja traktoreille k\u00e4ytt\u00f6\u00e4.<\/p>\n<p><img loading=\"lazy\" decoding=\"async\" src=\"https:\/\/farm1.staticflickr.com\/279\/19732006076_728b56a837_z.jpg\" alt=\"Kantola Event Park | Visam\u00e4en parkkialue\" width=\"640\" height=\"424\" \/><\/p>\n<p><img loading=\"lazy\" decoding=\"async\" src=\"https:\/\/farm4.staticflickr.com\/3697\/19732002506_f13ac9d25b_z.jpg\" alt=\"Kantola Event Park | Visam\u00e4en parkkialue\" width=\"640\" height=\"424\" \/><\/p>\n<h2>Aiheeseen liittyv\u00e4t muut julkaisut<\/h2>\n<p><a href=\"http:\/\/www.valonkuvaaja.com\/blogi\/visamaen-parkkialueen-rakentaminen-alkoi\" target=\"_blank\">Visam\u00e4en parkkialueen rakentaminen alkoi<\/a> \/ 13.7.2015<\/p>\n<p><a href=\"http:\/\/www.valonkuvaaja.com\/blogi\/kantola-event-parkin-parkkialueen-rakentaminen-edistyy\">Kantola Event Parkin parkkialueen rakentaminen edistyy<\/a> \/ 14.7.2015<\/p>\n<div class=\"test-default-content\">\n<p style=\"text-align: center;\"><strong>Markus Kauppinen &#8211; Valonkuvaaja<\/strong><\/p>\n<p style=\"text-align: center;\"><a href=\"http:\/\/www.valonkuvaaja.com\/kuvagalleria\" target=\"_blank\"><img decoding=\"async\" class=\"aligncenter\" title=\"Tervetuloa Valonkuvaajan kuvagalleriaan!\" src=\"\/signeeraus_kuva.jpg\" alt=\"Tervetuloa Valonkuvaajan kuvagalleriaan!\" \/><\/a><\/p>\n<\/div>\n","protected":false},"excerpt":{"rendered":"<p>Visam\u00e4en v\u00e4liaikainen parkkipaikka Kantola Event Parkin ensimm\u00e4ist\u00e4 suurtapahtumaan varten valmistui kolmessa p\u00e4iv\u00e4ss\u00e4. Oletin, ett\u00e4 pelto t\u00e4ytett\u00e4isiin soralla kuten asuntomessuihin osoittautui pahasti v\u00e4\u00e4r\u00e4ksi. Kolmantena p\u00e4iv\u00e4n ei en\u00e4\u00e4 soraa tuotu pellolle vaan ainoastaan pellon kasvusto siistittiin lyhyeksi. Joten j\u00e4rjest\u00e4j\u00e4n toiveissa lienee kuivat &hellip; <a href=\"http:\/\/www.valonkuvaaja.com\/blogi\/acdc-konsertin-parkkipaikka-odottaa-juhlijoita\">Lue loppuun <span class=\"meta-nav\">&rarr;<\/span><\/a><\/p>\n","protected":false},"author":1,"featured_media":0,"comment_status":"closed","ping_status":"closed","sticky":false,"template":"","format":"standard","meta":{"footnotes":""},"categories":[3,7,8],"tags":[1337,1338,575,1335,1334,830,349,35,1336,41,1084,156,992,54,1339],"class_list":["post-6526","post","type-post","status-publish","format-standard","hentry","category-blogit","category-valokuviani","category-viimeisimmat","tag-acdc","tag-acdc-hameenlinna","tag-hameenlinna","tag-kantola-event-park","tag-kantolaan","tag-keikka","tag-konsertti","tag-markus-kauppinen","tag-parkkipaikka","tag-pentax","tag-pentax-da-16-50mm","tag-pentax-k-5","tag-tapahtumakuvaus","tag-valokuvaus","tag-visamaki"],"aioseo_notices":[],"_links":{"self":[{"href":"http:\/\/www.valonkuvaaja.com\/blogi\/wp-json\/wp\/v2\/posts\/6526","targetHints":{"allow":["GET"]}}],"collection":[{"href":"http:\/\/www.valonkuvaaja.com\/blogi\/wp-json\/wp\/v2\/posts"}],"about":[{"href":"http:\/\/www.valonkuvaaja.com\/blogi\/wp-json\/wp\/v2\/types\/post"}],"author":[{"embeddable":true,"href":"http:\/\/www.valonkuvaaja.com\/blogi\/wp-json\/wp\/v2\/users\/1"}],"replies":[{"embeddable":true,"href":"http:\/\/www.valonkuvaaja.com\/blogi\/wp-json\/wp\/v2\/comments?post=6526"}],"version-history":[{"count":2,"href":"http:\/\/www.valonkuvaaja.com\/blogi\/wp-json\/wp\/v2\/posts\/6526\/revisions"}],"predecessor-version":[{"id":6529,"href":"http:\/\/www.valonkuvaaja.com\/blogi\/wp-json\/wp\/v2\/posts\/6526\/revisions\/6529"}],"wp:attachment":[{"href":"http:\/\/www.valonkuvaaja.com\/blogi\/wp-json\/wp\/v2\/media?parent=6526"}],"wp:term":[{"taxonomy":"category","embeddable":true,"href":"http:\/\/www.valonkuvaaja.com\/blogi\/wp-json\/wp\/v2\/categories?post=6526"},{"taxonomy":"post_tag","embeddable":true,"href":"http:\/\/www.valonkuvaaja.com\/blogi\/wp-json\/wp\/v2\/tags?post=6526"}],"curies":[{"name":"wp","href":"https:\/\/api.w.org\/{rel}","templated":true}]}}