{"id":6512,"date":"2015-07-31T11:55:36","date_gmt":"2015-07-31T08:55:36","guid":{"rendered":"http:\/\/www.valonkuvaaja.com\/blogi\/?p=6512"},"modified":"2015-07-20T14:26:07","modified_gmt":"2015-07-20T11:26:07","slug":"karpan-kohtaaminen-piristi-kauppareissua","status":"publish","type":"post","link":"http:\/\/www.valonkuvaaja.com\/blogi\/karpan-kohtaaminen-piristi-kauppareissua","title":{"rendered":"K\u00e4rp\u00e4n kohtaaminen piristi kauppareissua"},"content":{"rendered":"<div class=\"test-default-content\">\n<p style=\"text-align: left;\"><iframe loading=\"lazy\" src=\"https:\/\/www.youtube.com\/embed\/SvkPxJdzXmg?rel=0\" width=\"640\" height=\"360\" frameborder=\"0\" allowfullscreen=\"allowfullscreen\"><\/iframe><\/p>\n<p style=\"text-align: left;\">Hein\u00e4kuun alkupuolella kohtasin pitk\u00e4st\u00e4 aikaa k\u00e4rp\u00e4n. Tuolloin ei valitettavasti ollut j\u00e4rjestelm\u00e4kamera mukana, kun olin kotimatkalla kauppareissultani. Onneksi kuitenkin sain matkapuhelimellani kuvattua yl\u00e4puolella olevan videon.<\/p>\n<p style=\"text-align: left;\">K\u00e4rpp\u00e4 mit\u00e4 ilmeisemmin oli saanut vainun naakkojen pesist\u00e4, koska naakat liiteliv\u00e4t k\u00e4rp\u00e4n yll\u00e4 ja k\u00e4rpp\u00e4 sinkoili sinne t\u00e4nne tuttuun tyyliins\u00e4.<\/p>\n<p style=\"text-align: left;\">Muutaman kuvankin sain otettua, mutta ne eiv\u00e4t ole edes omiin muistokansioihin laadultaan kelpaavia.<\/p>\n<p style=\"text-align: center;\"><strong>Markus Kauppinen &#8211; Valonkuvaaja<\/strong><\/p>\n<p style=\"text-align: center;\"><a href=\"http:\/\/www.valonkuvaaja.com\/kuvagalleria\" target=\"_blank\"><img decoding=\"async\" class=\"aligncenter\" title=\"Tervetuloa Valonkuvaajan kuvagalleriaan!\" src=\"\/signeeraus_kuva.jpg\" alt=\"Tervetuloa Valonkuvaajan kuvagalleriaan!\" \/><\/a><\/p>\n<\/div>\n","protected":false},"excerpt":{"rendered":"<p>Hein\u00e4kuun alkupuolella kohtasin pitk\u00e4st\u00e4 aikaa k\u00e4rp\u00e4n. Tuolloin ei valitettavasti ollut j\u00e4rjestelm\u00e4kamera mukana, kun olin kotimatkalla kauppareissultani. Onneksi kuitenkin sain matkapuhelimellani kuvattua yl\u00e4puolella olevan videon. K\u00e4rpp\u00e4 mit\u00e4 ilmeisemmin oli saanut vainun naakkojen pesist\u00e4, koska naakat liiteliv\u00e4t k\u00e4rp\u00e4n yll\u00e4 ja k\u00e4rpp\u00e4 sinkoili &hellip; <a href=\"http:\/\/www.valonkuvaaja.com\/blogi\/karpan-kohtaaminen-piristi-kauppareissua\">Lue loppuun <span class=\"meta-nav\">&rarr;<\/span><\/a><\/p>\n","protected":false},"author":1,"featured_media":0,"comment_status":"closed","ping_status":"closed","sticky":false,"template":"","format":"standard","meta":{"footnotes":""},"categories":[3,8],"tags":[1322,1048,726,1297,35,587],"class_list":["post-6512","post","type-post","status-publish","format-standard","hentry","category-blogit","category-viimeisimmat","tag-iphone-4s","tag-karppa","tag-luontokuvaus","tag-luontovideo","tag-markus-kauppinen","tag-video"],"aioseo_notices":[],"_links":{"self":[{"href":"http:\/\/www.valonkuvaaja.com\/blogi\/wp-json\/wp\/v2\/posts\/6512","targetHints":{"allow":["GET"]}}],"collection":[{"href":"http:\/\/www.valonkuvaaja.com\/blogi\/wp-json\/wp\/v2\/posts"}],"about":[{"href":"http:\/\/www.valonkuvaaja.com\/blogi\/wp-json\/wp\/v2\/types\/post"}],"author":[{"embeddable":true,"href":"http:\/\/www.valonkuvaaja.com\/blogi\/wp-json\/wp\/v2\/users\/1"}],"replies":[{"embeddable":true,"href":"http:\/\/www.valonkuvaaja.com\/blogi\/wp-json\/wp\/v2\/comments?post=6512"}],"version-history":[{"count":1,"href":"http:\/\/www.valonkuvaaja.com\/blogi\/wp-json\/wp\/v2\/posts\/6512\/revisions"}],"predecessor-version":[{"id":6513,"href":"http:\/\/www.valonkuvaaja.com\/blogi\/wp-json\/wp\/v2\/posts\/6512\/revisions\/6513"}],"wp:attachment":[{"href":"http:\/\/www.valonkuvaaja.com\/blogi\/wp-json\/wp\/v2\/media?parent=6512"}],"wp:term":[{"taxonomy":"category","embeddable":true,"href":"http:\/\/www.valonkuvaaja.com\/blogi\/wp-json\/wp\/v2\/categories?post=6512"},{"taxonomy":"post_tag","embeddable":true,"href":"http:\/\/www.valonkuvaaja.com\/blogi\/wp-json\/wp\/v2\/tags?post=6512"}],"curies":[{"name":"wp","href":"https:\/\/api.w.org\/{rel}","templated":true}]}}