{"id":6358,"date":"2014-12-31T19:00:13","date_gmt":"2014-12-31T16:00:13","guid":{"rendered":"http:\/\/www.valonkuvaaja.com\/blogi\/?p=6358"},"modified":"2014-12-30T15:02:05","modified_gmt":"2014-12-30T12:02:05","slug":"vuosi-pulkassa-ja-uusi-edessa","status":"publish","type":"post","link":"http:\/\/www.valonkuvaaja.com\/blogi\/vuosi-pulkassa-ja-uusi-edessa","title":{"rendered":"Vuosi pulkassa ja uusi edess\u00e4"},"content":{"rendered":"<p style=\"text-align: left;\"><a href=\"http:\/\/www.valonkuvaaja.com\/kuvagalleria\/thumbnails.php?album=62\" target=\"_blank\"><img decoding=\"async\" class=\"alignleft\" src=\"http:\/\/www.valonkuvaaja.com\/kuvagalleria\/albums\/userpics\/10001\/_MTJ8730.jpg\" alt=\"Ilotulitus\" width=\"200\" \/><\/a>Kuluva vuosi oli Valonkuvaajan blogin verkkon\u00e4kyvyyden osalta poikkeuksellinen. Muutama tv-kanava otti yhteytt\u00e4 ja toivoivat, ett\u00e4 kirjoittaisin juttuja blogiini muutamasta uudesta ohjelmasta.<\/p>\n<p style=\"text-align: left;\">Mukava juttu periaatteessa, mutta en kuitenkaan heid\u00e4n toiveita toteuttanut. Kyseiset ohjelmat eiv\u00e4t mielest\u00e4ni liittyneet oikein mitenk\u00e4\u00e4n niihin aiheisiin joista olen blogissani kirjoittanut.<\/p>\n<p style=\"text-align: left;\">Tosin ei tuo nyt\u00a0 varsinainen este kirjoittamiselle ollut vaan se, ett\u00e4 kyseiset ohjelmat eiv\u00e4t mill\u00e4\u00e4n muotoa kiinnostanut itse\u00e4ni ja lis\u00e4ksi ne vaikuttivat flopeilta. En ollut ajatusteni kanssa yksi, nimitt\u00e4in kyseiset ohjelmat olivat pettymyksi\u00e4 muillekin katsojille ja siten my\u00f6s kanaville.<\/p>\n<h2 style=\"text-align: left;\">Haastattelupyynt\u00f6j\u00e4 sek\u00e4 arvovaltaisia lukijoita<\/h2>\n<p>Vuoden aikana tuli muutama haastattelupyynt\u00f6 niin radioon kuin verkkojulkaisuun. Radio puolen jutut j\u00e4tin kohteliaasti v\u00e4liin, tosin vastasin kyll\u00e4 toimittajille kirjallisesti ja ilmeisesti niist\u00e4kin tehtiin verkkouutinen.<\/p>\n<p>Nyky\u00e4\u00e4n on niin kova tarve saada koko ajan uusia juttuja. Niin n\u00e4ht\u00e4v\u00e4sti alkaa jutut k\u00e4ym\u00e4\u00e4n v\u00e4hiin, kun minunlaista digitaalisesta viestinn\u00e4st\u00e4 kiinnostunutta kaveria aletaan &#8221;asiantuntijaksi&#8221; kyselem\u00e4\u00e4n ;).<\/p>\n<p>Arvovaltaisilla lukijoilla tarkoitan <a href=\"http:\/\/www.valonkuvaaja.com\/blogi\/pohjonen-alanko-suistoklubi-3-11-2014\" target=\"_blank\">Kimmo Pohjosta ja Ismo Alankoa<\/a>, jotka viittasivat blogiini Radio Helsingin radiohaastattelussa. Olivat otettuja kommenteista joita saivat Suisto klubin keikalta. Tuon kuuleminen vasta mielt\u00e4ni suuresti l\u00e4mmittikin :)!<\/p>\n<h3>Tulevasta<\/h3>\n<p>Toivottavasti tuleva vuosi on v\u00e4hint\u00e4\u00e4nkin yht\u00e4 hyv\u00e4 kuin kuluva on ollut. Muutoksia taatusti tulee ja yksi iso asiakin on tulossa, mutta siit\u00e4 kertomisen aika ei ole viel\u00e4. Tulette sen kyll\u00e4 aikanaan huomaamaan.<\/p>\n<p>Viel\u00e4 en ole saanut kuluvan vuoden VLK-sivuston tilastoja laskettua, kun saan niin tulen nekin teille julkaisemaan. Luvut p\u00e4\u00e4s\u00e4\u00e4nt\u00f6isesti olleet kasvussa, mutta eiv\u00e4t niin rajussa kuin viime vuonna.<\/p>\n<p>Mutta turinat sikseen ja nyt aika p\u00e4\u00e4st\u00e4\u00e4 teid\u00e4t juhlimaan vuoden viimeisi\u00e4 tunteja sek\u00e4 ottamaan vastaan uusi vuosi!<\/p>\n<p><a href=\"http:\/\/www.valonkuvaaja.com\/kuvagalleria\/thumbnails.php?album=62\" target=\"_blank\"><img decoding=\"async\" class=\"aligncenter\" src=\"http:\/\/www.valonkuvaaja.com\/kuvagalleria\/albums\/userpics\/10001\/_MTJ8721.jpg\" alt=\"Ilotulitus\" \/><\/a><\/p>\n<p style=\"text-align: center;\"><strong>Oikein hyv\u00e4\u00e4 Uutta Vuotte teille kaikille!<\/strong><\/p>\n<div class=\"test-default-content\">\n<p style=\"text-align: center;\">Markus Kauppinen &#8211; Valonkuvaaja<\/p>\n<p style=\"text-align: center;\"><a href=\"http:\/\/www.valonkuvaaja.com\/kuvagalleria\" target=\"_blank\"><img decoding=\"async\" class=\"aligncenter\" title=\"Tervetuloa Valonkuvaajan kuvagalleriaan!\" src=\"\/signeeraus_kuva.jpg\" alt=\"Tervetuloa Valonkuvaajan kuvagalleriaan!\" \/><\/a><\/p>\n<\/div>\n","protected":false},"excerpt":{"rendered":"<p>Kuluva vuosi oli Valonkuvaajan blogin verkkon\u00e4kyvyyden osalta poikkeuksellinen. Muutama tv-kanava otti yhteytt\u00e4 ja toivoivat, ett\u00e4 kirjoittaisin juttuja blogiini muutamasta uudesta ohjelmasta. Mukava juttu periaatteessa, mutta en kuitenkaan heid\u00e4n toiveita toteuttanut. Kyseiset ohjelmat eiv\u00e4t mielest\u00e4ni liittyneet oikein mitenk\u00e4\u00e4n niihin aiheisiin joista &hellip; <a href=\"http:\/\/www.valonkuvaaja.com\/blogi\/vuosi-pulkassa-ja-uusi-edessa\">Lue loppuun <span class=\"meta-nav\">&rarr;<\/span><\/a><\/p>\n","protected":false},"author":1,"featured_media":0,"comment_status":"closed","ping_status":"closed","sticky":false,"template":"","format":"standard","meta":{"footnotes":""},"categories":[3,7,8],"tags":[1263,413,22,319,35,41,1256,760,435,448],"class_list":["post-6358","post","type-post","status-publish","format-standard","hentry","category-blogit","category-valokuviani","category-viimeisimmat","tag-1263","tag-ilotulitus","tag-ismo-alanko","tag-kimmo-pohjonen","tag-markus-kauppinen","tag-pentax","tag-pohjonen-alanko","tag-rajahdys","tag-uusi-vuosi","tag-uusivuosi"],"aioseo_notices":[],"_links":{"self":[{"href":"http:\/\/www.valonkuvaaja.com\/blogi\/wp-json\/wp\/v2\/posts\/6358","targetHints":{"allow":["GET"]}}],"collection":[{"href":"http:\/\/www.valonkuvaaja.com\/blogi\/wp-json\/wp\/v2\/posts"}],"about":[{"href":"http:\/\/www.valonkuvaaja.com\/blogi\/wp-json\/wp\/v2\/types\/post"}],"author":[{"embeddable":true,"href":"http:\/\/www.valonkuvaaja.com\/blogi\/wp-json\/wp\/v2\/users\/1"}],"replies":[{"embeddable":true,"href":"http:\/\/www.valonkuvaaja.com\/blogi\/wp-json\/wp\/v2\/comments?post=6358"}],"version-history":[{"count":6,"href":"http:\/\/www.valonkuvaaja.com\/blogi\/wp-json\/wp\/v2\/posts\/6358\/revisions"}],"predecessor-version":[{"id":6364,"href":"http:\/\/www.valonkuvaaja.com\/blogi\/wp-json\/wp\/v2\/posts\/6358\/revisions\/6364"}],"wp:attachment":[{"href":"http:\/\/www.valonkuvaaja.com\/blogi\/wp-json\/wp\/v2\/media?parent=6358"}],"wp:term":[{"taxonomy":"category","embeddable":true,"href":"http:\/\/www.valonkuvaaja.com\/blogi\/wp-json\/wp\/v2\/categories?post=6358"},{"taxonomy":"post_tag","embeddable":true,"href":"http:\/\/www.valonkuvaaja.com\/blogi\/wp-json\/wp\/v2\/tags?post=6358"}],"curies":[{"name":"wp","href":"https:\/\/api.w.org\/{rel}","templated":true}]}}