{"id":6338,"date":"2014-12-14T18:30:07","date_gmt":"2014-12-14T15:30:07","guid":{"rendered":"http:\/\/www.valonkuvaaja.com\/blogi\/?p=6338"},"modified":"2014-12-08T18:52:49","modified_gmt":"2014-12-08T15:52:49","slug":"kuvia-itsenaisyyspaivan-puolustusvoimien-paraatista-osa-3","status":"publish","type":"post","link":"http:\/\/www.valonkuvaaja.com\/blogi\/kuvia-itsenaisyyspaivan-puolustusvoimien-paraatista-osa-3","title":{"rendered":"Kuvia itsen\u00e4isyysp\u00e4iv\u00e4n puolustusvoimien paraatista, osa 3\/3"},"content":{"rendered":"<p>N\u00e4in kolmannen adventin iltana on aika julkaista loput ottamani kuvat itsen\u00e4isyysp\u00e4iv\u00e4n puolustusvoimien paraatista. Olkaapa hyv\u00e4t.<\/p>\n<p><a href=\"\thttp:\/\/www.valonkuvaaja.com\/kuvagalleria\/displayimage.php?pid=457\" target=\"_blank\"><img loading=\"lazy\" decoding=\"async\" class=\"aligncenter\" src=\"http:\/\/www.valonkuvaaja.com\/kuvagalleria\/albums\/userpics\/10001\/Itsenaisyyspaivan_paraati_HML_2014_14.jpg\" alt=\"\" width=\"650\" height=\"431\" \/><\/a><a href=\"http:\/\/www.valonkuvaaja.com\/kuvagalleria\/displayimage.php?pid=458\" target=\"_blank\"><img loading=\"lazy\" decoding=\"async\" class=\"aligncenter\" src=\"http:\/\/www.valonkuvaaja.com\/kuvagalleria\/albums\/userpics\/10001\/Itsenaisyyspaivan_paraati_HML_2014_15.jpg\" alt=\"\" width=\"650\" height=\"431\" \/><\/a><a href=\"\thttp:\/\/www.valonkuvaaja.com\/kuvagalleria\/displayimage.php?pid=459\" target=\"_blank\"><img loading=\"lazy\" decoding=\"async\" class=\"aligncenter\" src=\"http:\/\/www.valonkuvaaja.com\/kuvagalleria\/albums\/userpics\/10001\/Itsenaisyyspaivan_paraati_HML_2014_16.jpg\" alt=\"\" width=\"650\" height=\"431\" \/><\/a><a href=\"\thttp:\/\/www.valonkuvaaja.com\/kuvagalleria\/displayimage.php?pid=460\" target=\"_blank\"><img loading=\"lazy\" decoding=\"async\" class=\"aligncenter\" src=\"http:\/\/www.valonkuvaaja.com\/kuvagalleria\/albums\/userpics\/10001\/Itsenaisyyspaivan_paraati_HML_2014_17.jpg\" alt=\"\" width=\"650\" height=\"323\" \/><\/a><a href=\"\thttp:\/\/www.valonkuvaaja.com\/kuvagalleria\/displayimage.php?pid=461\" target=\"_blank\"><img loading=\"lazy\" decoding=\"async\" class=\"aligncenter\" src=\"http:\/\/www.valonkuvaaja.com\/kuvagalleria\/albums\/userpics\/10001\/Itsenaisyyspaivan_paraati_HML_2014_18.jpg\" alt=\"\" width=\"650\" height=\"431\" \/><\/a><a href=\"http:\/\/www.valonkuvaaja.com\/kuvagalleria\/displayimage.php?pid=462\" target=\"_blank\"><img loading=\"lazy\" decoding=\"async\" class=\"aligncenter\" src=\"http:\/\/www.valonkuvaaja.com\/kuvagalleria\/albums\/userpics\/10001\/Itsenaisyyspaivan_paraati_HML_2014_19.jpg\" alt=\"\" width=\"650\" height=\"431\" \/><\/a><a href=\"http:\/\/www.valonkuvaaja.com\/kuvagalleria\/displayimage.php?pid=463\" target=\"_blank\"><img loading=\"lazy\" decoding=\"async\" class=\"aligncenter\" src=\"http:\/\/www.valonkuvaaja.com\/kuvagalleria\/albums\/userpics\/10001\/Itsenaisyyspaivan_paraati_HML_2014_20.jpg\" alt=\"\" width=\"431\" height=\"650\" \/><\/a>Aikaisemmat kuva julkaisut aiheesta: <a href=\"http:\/\/www.valonkuvaaja.com\/blogi\/kuvia-itsenaisyyspaivan-puolustusvoimien-paraatista-osa-1\" target=\"_blank\">maantaina julkasemani<\/a> kuvat ja <a href=\"http:\/\/www.valonkuvaaja.com\/blogi\/kuvia-itsenaisyyspaivan-puolustusvoimien-paraatista-osa-2\" target=\"_blank\">torstaina julkaisemani<\/a> kuvat. Hyv\u00e4\u00e4 viikonlopun jatkoa teille kaikille!<\/p>\n<div class=\"test-default-content\">\n<p style=\"text-align: center;\"><strong>Markus Kauppinen &#8211; Valonkuvaaja<\/strong><\/p>\n<p style=\"text-align: center;\"><a href=\"http:\/\/www.valonkuvaaja.com\/kuvagalleria\" target=\"_blank\"><img decoding=\"async\" class=\"aligncenter\" title=\"Tervetuloa Valonkuvaajan kuvagalleriaan!\" src=\"\/signeeraus_kuva.jpg\" alt=\"Tervetuloa Valonkuvaajan kuvagalleriaan!\" \/><\/a><\/p>\n<\/div>\n","protected":false},"excerpt":{"rendered":"<p>N\u00e4in kolmannen adventin iltana on aika julkaista loput ottamani kuvat itsen\u00e4isyysp\u00e4iv\u00e4n puolustusvoimien paraatista. Olkaapa hyv\u00e4t. Aikaisemmat kuva julkaisut aiheesta: maantaina julkasemani kuvat ja torstaina julkaisemani kuvat. Hyv\u00e4\u00e4 viikonlopun jatkoa teille kaikille! Markus Kauppinen &#8211; Valonkuvaaja<\/p>\n","protected":false},"author":1,"featured_media":0,"comment_status":"closed","ping_status":"closed","sticky":false,"template":"","format":"standard","meta":{"footnotes":""},"categories":[3,7,8],"tags":[424,1258,35,41,1257,992],"class_list":["post-6338","post","type-post","status-publish","format-standard","hentry","category-blogit","category-valokuviani","category-viimeisimmat","tag-itsenaisyyspaiva","tag-itsenaisyyspaivan-puolustusvoimien-paraati","tag-markus-kauppinen","tag-pentax","tag-puolustusvoimat","tag-tapahtumakuvaus"],"aioseo_notices":[],"_links":{"self":[{"href":"http:\/\/www.valonkuvaaja.com\/blogi\/wp-json\/wp\/v2\/posts\/6338","targetHints":{"allow":["GET"]}}],"collection":[{"href":"http:\/\/www.valonkuvaaja.com\/blogi\/wp-json\/wp\/v2\/posts"}],"about":[{"href":"http:\/\/www.valonkuvaaja.com\/blogi\/wp-json\/wp\/v2\/types\/post"}],"author":[{"embeddable":true,"href":"http:\/\/www.valonkuvaaja.com\/blogi\/wp-json\/wp\/v2\/users\/1"}],"replies":[{"embeddable":true,"href":"http:\/\/www.valonkuvaaja.com\/blogi\/wp-json\/wp\/v2\/comments?post=6338"}],"version-history":[{"count":3,"href":"http:\/\/www.valonkuvaaja.com\/blogi\/wp-json\/wp\/v2\/posts\/6338\/revisions"}],"predecessor-version":[{"id":6340,"href":"http:\/\/www.valonkuvaaja.com\/blogi\/wp-json\/wp\/v2\/posts\/6338\/revisions\/6340"}],"wp:attachment":[{"href":"http:\/\/www.valonkuvaaja.com\/blogi\/wp-json\/wp\/v2\/media?parent=6338"}],"wp:term":[{"taxonomy":"category","embeddable":true,"href":"http:\/\/www.valonkuvaaja.com\/blogi\/wp-json\/wp\/v2\/categories?post=6338"},{"taxonomy":"post_tag","embeddable":true,"href":"http:\/\/www.valonkuvaaja.com\/blogi\/wp-json\/wp\/v2\/tags?post=6338"}],"curies":[{"name":"wp","href":"https:\/\/api.w.org\/{rel}","templated":true}]}}