{"id":6231,"date":"2014-08-03T13:13:38","date_gmt":"2014-08-03T10:13:38","guid":{"rendered":"http:\/\/www.valonkuvaaja.com\/blogi\/?p=6231"},"modified":"2014-07-31T17:09:44","modified_gmt":"2014-07-31T14:09:44","slug":"en-piittaa-helteista-mutta-basilika-ja-persilja-tykkaavat","status":"publish","type":"post","link":"http:\/\/www.valonkuvaaja.com\/blogi\/en-piittaa-helteista-mutta-basilika-ja-persilja-tykkaavat","title":{"rendered":"En piittaa helteist\u00e4, mutta basilika ja persilja tykk\u00e4\u00e4v\u00e4t"},"content":{"rendered":"<p>Itse en kuulu heihin jotka pit\u00e4v\u00e4t pitkist\u00e4 hellejaksoista ja siksip\u00e4 hein\u00e4kuu onkin mennyt kes\u00e4kuun tavoin enimm\u00e4kseen sis\u00e4ll\u00e4 ollessa. On se vain niin harmi kuin ei mik\u00e4\u00e4n s\u00e4\u00e4 kelpaa ;)! Joku nyt saattaa mietti\u00e4, ett\u00e4 miks\u00e4 se sitten olisi sopiva s\u00e4\u00e4? Se olisi +20 puolipilvinen keli. No, tarkoitukseni ei ole t\u00e4ll\u00e4(k\u00e4\u00e4n) kertaan vain valittaa joten siirryt\u00e4\u00e4n mielenkiintoisempiin asioihin.<\/p>\n<p><a href=\"http:\/\/www.valonkuvaaja.com\/kuvagalleria\/displayimage.php?pid=400\" target=\"_blank\"><img loading=\"lazy\" decoding=\"async\" class=\"aligncenter\" alt=\"Persiljaa ja basilikaa kasvihuoneessa. Kuvaaja: Markus Kauppinen\" src=\"http:\/\/www.valonkuvaaja.com\/kuvagalleria\/albums\/userpics\/10001\/_MTJ6350_yrtit_kasvihuoneessa.jpg\" width=\"650\" height=\"431\" \/><\/a>Kiitos pitk\u00e4\u00e4n jatkuneiden helteiden on t\u00e4n\u00e4 vuonna yrttien ja muidenkin kasvien kasvatukseni onnistuneet paremmin kuin koskaan.<\/p>\n<p>Muutamaan ruukkuun istuttamani herneen kasvoivat komeasti ja antoivat hyv\u00e4n sadonkin. Viel\u00e4kin saattaa satoa olla tulossa, kun jokunen kukka kukkii yh\u00e4. Lis\u00e4ksi pensaspapukin kukkii mukavasti joten muutama papukin sielt\u00e4 sy\u00f6t\u00e4v\u00e4ksi tulossa.<\/p>\n<p><a href=\"http:\/\/www.valonkuvaaja.com\/kuvagalleria\/displayimage.php?pid=401\" target=\"_blank\"><img loading=\"lazy\" decoding=\"async\" class=\"aligncenter\" alt=\"Basilikan lehti\u00e4. Kuvaaja: Markus Kauppinen\" src=\"http:\/\/www.valonkuvaaja.com\/kuvagalleria\/albums\/userpics\/10001\/_MTJ6550_basilikan_lehtia.jpg\" width=\"650\" height=\"431\" \/><\/a><\/p>\n<p>Erityisen paljon s\u00e4\u00e4tiloista ovat tyk\u00e4nneet basilika ja persilja. Niist\u00e4 olen jo useamman viikon ajan saanut ker\u00e4t\u00e4 viikoittain kunnon saaliin ja eik\u00f6h\u00e4n meno jatku viel\u00e4 tulevinakin viikkoina.<\/p>\n<p><a href=\"\thttp:\/\/www.valonkuvaaja.com\/kuvagalleria\/displayimage.php?pid=402\" target=\"_blank\"><img loading=\"lazy\" decoding=\"async\" alt=\"Poimittua persiljaa. Kuvaaja: Markus Kauppinen\" src=\"http:\/\/www.valonkuvaaja.com\/kuvagalleria\/albums\/userpics\/10001\/_MTJ6553_poimittua_persiljaa.jpg\" width=\"650\" height=\"430\" \/><\/a><\/p>\n<p>Niin ja koko kev\u00e4\u00e4n sek\u00e4 kes\u00e4kuun uinunut rakuuna on my\u00f6s her\u00e4nnyt kasvuun hein\u00e4kuun helteiden johdosta.<\/p>\n<p style=\"text-align: center;\"><strong>Hyv\u00e4\u00e4 viikonlopun jatkoa teille kaikille!<\/strong><\/p>\n<div class=\"test-default-content\">\n<p style=\"text-align: center;\">Markus Kauppinen &#8211; Valonkuvaaja<\/p>\n<p style=\"text-align: center;\"><a href=\"http:\/\/www.valonkuvaaja.com\/kuvagalleria\" target=\"_blank\"><img decoding=\"async\" class=\"aligncenter\" title=\"Tervetuloa Valonkuvaajan kuvagalleriaan!\" alt=\"Tervetuloa Valonkuvaajan kuvagalleriaan!\" src=\"\/signeeraus_kuva.jpg\" \/><\/a><\/p>\n<\/div>\n","protected":false},"excerpt":{"rendered":"<p>Itse en kuulu heihin jotka pit\u00e4v\u00e4t pitkist\u00e4 hellejaksoista ja siksip\u00e4 hein\u00e4kuu onkin mennyt kes\u00e4kuun tavoin enimm\u00e4kseen sis\u00e4ll\u00e4 ollessa. On se vain niin harmi kuin ei mik\u00e4\u00e4n s\u00e4\u00e4 kelpaa ;)! Joku nyt saattaa mietti\u00e4, ett\u00e4 miks\u00e4 se sitten olisi sopiva s\u00e4\u00e4? &hellip; <a href=\"http:\/\/www.valonkuvaaja.com\/blogi\/en-piittaa-helteista-mutta-basilika-ja-persilja-tykkaavat\">Lue loppuun <span class=\"meta-nav\">&rarr;<\/span><\/a><\/p>\n","protected":false},"author":1,"featured_media":0,"comment_status":"closed","ping_status":"closed","sticky":false,"template":"","format":"standard","meta":{"footnotes":""},"categories":[3,7,8],"tags":[567,233,35,568,572],"class_list":["post-6231","post","type-post","status-publish","format-standard","hentry","category-blogit","category-valokuviani","category-viimeisimmat","tag-basilika","tag-helle","tag-markus-kauppinen","tag-persilja","tag-yrtti"],"aioseo_notices":[],"_links":{"self":[{"href":"http:\/\/www.valonkuvaaja.com\/blogi\/wp-json\/wp\/v2\/posts\/6231","targetHints":{"allow":["GET"]}}],"collection":[{"href":"http:\/\/www.valonkuvaaja.com\/blogi\/wp-json\/wp\/v2\/posts"}],"about":[{"href":"http:\/\/www.valonkuvaaja.com\/blogi\/wp-json\/wp\/v2\/types\/post"}],"author":[{"embeddable":true,"href":"http:\/\/www.valonkuvaaja.com\/blogi\/wp-json\/wp\/v2\/users\/1"}],"replies":[{"embeddable":true,"href":"http:\/\/www.valonkuvaaja.com\/blogi\/wp-json\/wp\/v2\/comments?post=6231"}],"version-history":[{"count":7,"href":"http:\/\/www.valonkuvaaja.com\/blogi\/wp-json\/wp\/v2\/posts\/6231\/revisions"}],"predecessor-version":[{"id":6246,"href":"http:\/\/www.valonkuvaaja.com\/blogi\/wp-json\/wp\/v2\/posts\/6231\/revisions\/6246"}],"wp:attachment":[{"href":"http:\/\/www.valonkuvaaja.com\/blogi\/wp-json\/wp\/v2\/media?parent=6231"}],"wp:term":[{"taxonomy":"category","embeddable":true,"href":"http:\/\/www.valonkuvaaja.com\/blogi\/wp-json\/wp\/v2\/categories?post=6231"},{"taxonomy":"post_tag","embeddable":true,"href":"http:\/\/www.valonkuvaaja.com\/blogi\/wp-json\/wp\/v2\/tags?post=6231"}],"curies":[{"name":"wp","href":"https:\/\/api.w.org\/{rel}","templated":true}]}}