{"id":6192,"date":"2014-06-06T13:13:37","date_gmt":"2014-06-06T10:13:37","guid":{"rendered":"http:\/\/www.valonkuvaaja.com\/blogi\/?p=6192"},"modified":"2014-06-05T18:49:43","modified_gmt":"2014-06-05T15:49:43","slug":"viikkoblogi-marjatta-vierasilla-kommentointi-pois-blogista","status":"publish","type":"post","link":"http:\/\/www.valonkuvaaja.com\/blogi\/viikkoblogi-marjatta-vierasilla-kommentointi-pois-blogista","title":{"rendered":"Viikkoblogi: Marjatta vierasilla, Kommentointi pois blogista"},"content":{"rendered":"<p>S\u00e4\u00e4t ovat suosineet niin auringonpalvojia kuin maailmaansa mieluusti t\u00e4hystinlasin lasin l\u00e4pi katsovia. Allekirjoittanut kuuluu j\u00e4lkimm\u00e4iseen ryhm\u00e4\u00e4n tosin aurinko on hyv\u00e4 yst\u00e4v\u00e4, mutta ei sent\u00e4\u00e4n palvonnan kohde :).<\/p>\n<h2>Marjatta kukkah\u00e4m\u00e4h\u00e4kki k\u00e4vi vierailulla<\/h2>\n<p>Kuluneella viikolla studiossa k\u00e4vi vieraita. Autosta l\u00f6ytynyt kukkah\u00e4m\u00e4h\u00e4kki halusi v\u00e4ltt\u00e4m\u00e4tt\u00e4 p\u00e4\u00e4st\u00e4 valokuvat\u00e4hdeksi ja pitih\u00e4n niit\u00e4 kuvia sitten muutama ottaa.<\/p>\n<p>Kukkah\u00e4m\u00e4h\u00e4kkien hyv\u00e4 puoli valokuvaajan kannalta on se, ett\u00e4 ne ovat usein pitki\u00e4kin aikoja paikallaan, eiv\u00e4tk\u00e4 liiemmin s\u00e4iky ihmisi\u00e4. Nyt olikin hyv\u00e4 mahdollisuus harjoitella kerroskuvausta (focus stacking) el\u00e4v\u00e4n kohteen kanssa.<\/p>\n<p>Useimmiten ainakin hy\u00f6nteisten kerroskuvaus tapahtuu ymm\u00e4rt\u00e4\u00e4kseni kuolleilla tapauksilla. Itsell\u00e4nikin on muutama kev\u00e4\u00e4ll\u00e4 ikkunan v\u00e4list\u00e4 l\u00f6ytynyt hy\u00f6nteinen odottamassa kerroskuvausta.<\/p>\n<p>Seuraava kuva on yhdistetty 15 kuvasta. Kuvaa on my\u00f6s osittain ter\u00e4v\u00f6itetty Photoshopin <em>Smart sharpen<\/em> ja <em>Unsharp mask<\/em> -ty\u00f6kaluilla. Testilistalla odottaa my\u00f6s muutaman erityisesti kerroskuvaukseen tarkoitettujen sovellusten testaaminen. Mit\u00e4 nyt olen juttuja eri sivustoilta lukenut, ovat nuo sovellukset uusinta Photoshoppiakin parempia kyseisess\u00e4 teht\u00e4v\u00e4ss\u00e4.<\/p>\n<p><a href=\"http:\/\/www.valonkuvaaja.com\/kuvagalleria\/displayimage.php?pid=370\" target=\"_blank\"><img loading=\"lazy\" decoding=\"async\" alt=\"Marjatta kukkah\u00e4m\u00e4h\u00e4kki. Valokuvaaja: Markus Kauppinen\" src=\"http:\/\/www.valonkuvaaja.com\/kuvagalleria\/albums\/userpics\/10001\/_MTJ6482_Marjatta_hamahakki.jpg\" width=\"650\" height=\"460\" \/><\/a><\/p>\n<h3>VLK Blogin kommentointi laitettu pois p\u00e4\u00e4lt\u00e4<\/h3>\n<p>Jokin viikko sitten kerroin sp\u00e4mmin ik\u00e4v\u00e4st\u00e4 kasvusta ja se on on jatkunut. Niinp\u00e4 t\u00e4ll\u00e4 viikolla laitoin kommentoinnin pois <em>Valonkuvaajan blogista<\/em>. Ik\u00e4v\u00e4 homma, ett\u00e4 n\u00e4in piti tehd\u00e4. Kommenttien l\u00e4pik\u00e4yntiin ja pelk\u00e4\u00e4n poistamiseen vain yksinkertaisesti menee liikaa aikaa.<\/p>\n<p>Yritin etsi\u00e4 sellaista pluginia tai muutos kikkaa jolla saisi suodatettu kommentteja kielen perusteella. En valitettavasti sellaista l\u00f6yt\u00e4nyt. Jos joku tuollaisesta tiet\u00e4\u00e4 niin olisin eritt\u00e4in kiitollinen tiedostoa jolla tuon voisi toteuttaa.<\/p>\n<p style=\"text-align: center;\"><strong>Hyv\u00e4\u00e4 viikonloppua teille kaikille!<\/strong><\/p>\n<div class=\"test-default-content\">\n<p style=\"text-align: center;\">Markus Kauppinen &#8211; Valonkuvaaja<\/p>\n<p style=\"text-align: center;\"><a href=\"http:\/\/www.valonkuvaaja.com\/kuvagalleria\" target=\"_blank\"><img decoding=\"async\" class=\"aligncenter\" title=\"Tervetuloa Valonkuvaajan kuvagalleriaan!\" alt=\"Tervetuloa Valonkuvaajan kuvagalleriaan!\" src=\"\/signeeraus_kuva.jpg\" \/><\/a><\/p>\n<\/div>\n","protected":false},"excerpt":{"rendered":"<p>S\u00e4\u00e4t ovat suosineet niin auringonpalvojia kuin maailmaansa mieluusti t\u00e4hystinlasin lasin l\u00e4pi katsovia. Allekirjoittanut kuuluu j\u00e4lkimm\u00e4iseen ryhm\u00e4\u00e4n tosin aurinko on hyv\u00e4 yst\u00e4v\u00e4, mutta ei sent\u00e4\u00e4n palvonnan kohde :). Marjatta kukkah\u00e4m\u00e4h\u00e4kki k\u00e4vi vierailulla Kuluneella viikolla studiossa k\u00e4vi vieraita. Autosta l\u00f6ytynyt kukkah\u00e4m\u00e4h\u00e4kki halusi &hellip; <a href=\"http:\/\/www.valonkuvaaja.com\/blogi\/viikkoblogi-marjatta-vierasilla-kommentointi-pois-blogista\">Lue loppuun <span class=\"meta-nav\">&rarr;<\/span><\/a><\/p>\n","protected":false},"author":1,"featured_media":0,"comment_status":"closed","ping_status":"closed","sticky":false,"template":"","format":"standard","meta":{"footnotes":""},"categories":[3,7,8],"tags":[556,1220,35,1219,54,974],"class_list":["post-6192","post","type-post","status-publish","format-standard","hentry","category-blogit","category-valokuviani","category-viimeisimmat","tag-hamahakki","tag-kukkahamahakki","tag-markus-kauppinen","tag-studiosessio","tag-valokuvaus","tag-viikkoblogi"],"aioseo_notices":[],"_links":{"self":[{"href":"http:\/\/www.valonkuvaaja.com\/blogi\/wp-json\/wp\/v2\/posts\/6192","targetHints":{"allow":["GET"]}}],"collection":[{"href":"http:\/\/www.valonkuvaaja.com\/blogi\/wp-json\/wp\/v2\/posts"}],"about":[{"href":"http:\/\/www.valonkuvaaja.com\/blogi\/wp-json\/wp\/v2\/types\/post"}],"author":[{"embeddable":true,"href":"http:\/\/www.valonkuvaaja.com\/blogi\/wp-json\/wp\/v2\/users\/1"}],"replies":[{"embeddable":true,"href":"http:\/\/www.valonkuvaaja.com\/blogi\/wp-json\/wp\/v2\/comments?post=6192"}],"version-history":[{"count":4,"href":"http:\/\/www.valonkuvaaja.com\/blogi\/wp-json\/wp\/v2\/posts\/6192\/revisions"}],"predecessor-version":[{"id":6197,"href":"http:\/\/www.valonkuvaaja.com\/blogi\/wp-json\/wp\/v2\/posts\/6192\/revisions\/6197"}],"wp:attachment":[{"href":"http:\/\/www.valonkuvaaja.com\/blogi\/wp-json\/wp\/v2\/media?parent=6192"}],"wp:term":[{"taxonomy":"category","embeddable":true,"href":"http:\/\/www.valonkuvaaja.com\/blogi\/wp-json\/wp\/v2\/categories?post=6192"},{"taxonomy":"post_tag","embeddable":true,"href":"http:\/\/www.valonkuvaaja.com\/blogi\/wp-json\/wp\/v2\/tags?post=6192"}],"curies":[{"name":"wp","href":"https:\/\/api.w.org\/{rel}","templated":true}]}}