{"id":6033,"date":"2014-03-07T08:30:54","date_gmt":"2014-03-07T06:30:54","guid":{"rendered":"http:\/\/www.valonkuvaaja.com\/blogi\/?p=6033"},"modified":"2014-03-03T11:18:35","modified_gmt":"2014-03-03T09:18:35","slug":"kuva-ja-kamera-messut-osana-goexpo-tapahtumaa-viikonloppuna","status":"publish","type":"post","link":"http:\/\/www.valonkuvaaja.com\/blogi\/kuva-ja-kamera-messut-osana-goexpo-tapahtumaa-viikonloppuna","title":{"rendered":"Kuva ja Kamera messut osana GoExpo tapahtumaa viikonloppuna"},"content":{"rendered":"<p>T\u00e4n\u00e4\u00e4n alkaa Helsingin Messukeskuksessa vuotuinen GoExpo tapahtuma jonka kiinnostavin osa on <em>Kuva ja Kamera<\/em> messut.<\/p>\n<p>Viime vuona k\u00e4vin ensimm\u00e4ist\u00e4 kertaa tapahtumassa ja t\u00e4n\u00e4 vuonna pit\u00e4\u00e4 menn\u00e4 uudestaan. Uusien tuotteiden ja tarjousten lis\u00e4ksi n\u00e4ht\u00e4vill\u00e4 on useita valokuvan\u00e4yttelyit\u00e4.<\/p>\n<p>Lis\u00e4ksi monilla lavoilla on erilaista ohjelmaa. Tosin viime vuonna tuo ohjelma osasto oli kyll\u00e4 melkoinen pettymys. Esitykset olivat l\u00e4hinn\u00e4 eri kirjojen \/ tapahtumien mainostamista. Ei sin\u00e4ns\u00e4 yll\u00e4tt\u00e4nyt lainkaan, mutta olisihan se ollut kiva jos asia ei olisi noin ollut. Toivottavasti t\u00e4ll\u00e4 kertaa asiat ovat toisin.<\/p>\n<p><img loading=\"lazy\" decoding=\"async\" class=\"aligncenter\" alt=\"Kuva ja Kamera messut \/ GoExpo. Kuvaaja: Markus Kauppinen\" src=\"http:\/\/farm9.staticflickr.com\/8239\/8591271771_317a9cb674_z.jpg\" width=\"640\" height=\"427\" \/><\/p>\n<p>Messut ovat yleis\u00f6lle auki seuraavasti Pe 7.3. klo 12\u201319, La\u00a0 klo 10\u201318 ja Su\u00a0 klo 10\u201317. Aikuisten lippu tapahtumaan maksaa 16 euroa. Lis\u00e4\u00e4 tietoa tapahtumasta: <a href=\"http:\/\/www.messukeskus.com\/Sites3\/GoExpo2014\/Sivut\/default.aspx\" target=\"_blank\">http:\/\/www.messukeskus.com\/Sites3\/GoExpo2014\/Sivut\/default.aspx<\/a><\/p>\n<div class=\"test-default-content\">\n<p style=\"text-align: center;\"><strong>Markus Kauppinen &#8211; Valonkuvaaja<\/strong><\/p>\n<p style=\"text-align: center;\"><a href=\"http:\/\/www.valonkuvaaja.com\/kuvagalleria\" target=\"_blank\"><img decoding=\"async\" class=\"aligncenter\" title=\"Tervetuloa Valonkuvaajan kuvagalleriaan!\" alt=\"Tervetuloa Valonkuvaajan kuvagalleriaan!\" src=\"\/signeeraus_kuva.jpg\" \/><\/a><\/p>\n<\/div>\n","protected":false},"excerpt":{"rendered":"<p>T\u00e4n\u00e4\u00e4n alkaa Helsingin Messukeskuksessa vuotuinen GoExpo tapahtuma jonka kiinnostavin osa on Kuva ja Kamera messut. Viime vuona k\u00e4vin ensimm\u00e4ist\u00e4 kertaa tapahtumassa ja t\u00e4n\u00e4 vuonna pit\u00e4\u00e4 menn\u00e4 uudestaan. Uusien tuotteiden ja tarjousten lis\u00e4ksi n\u00e4ht\u00e4vill\u00e4 on useita valokuvan\u00e4yttelyit\u00e4. Lis\u00e4ksi monilla lavoilla on &hellip; <a href=\"http:\/\/www.valonkuvaaja.com\/blogi\/kuva-ja-kamera-messut-osana-goexpo-tapahtumaa-viikonloppuna\">Lue loppuun <span class=\"meta-nav\">&rarr;<\/span><\/a><\/p>\n","protected":false},"author":1,"featured_media":0,"comment_status":"closed","ping_status":"closed","sticky":false,"template":"","format":"standard","meta":{"footnotes":""},"categories":[3,8],"tags":[1186,1188,1187,35],"class_list":["post-6033","post","type-post","status-publish","format-standard","hentry","category-blogit","category-viimeisimmat","tag-goexpo","tag-helsingin-messukeskus","tag-kuva-ja-kamera","tag-markus-kauppinen"],"aioseo_notices":[],"_links":{"self":[{"href":"http:\/\/www.valonkuvaaja.com\/blogi\/wp-json\/wp\/v2\/posts\/6033","targetHints":{"allow":["GET"]}}],"collection":[{"href":"http:\/\/www.valonkuvaaja.com\/blogi\/wp-json\/wp\/v2\/posts"}],"about":[{"href":"http:\/\/www.valonkuvaaja.com\/blogi\/wp-json\/wp\/v2\/types\/post"}],"author":[{"embeddable":true,"href":"http:\/\/www.valonkuvaaja.com\/blogi\/wp-json\/wp\/v2\/users\/1"}],"replies":[{"embeddable":true,"href":"http:\/\/www.valonkuvaaja.com\/blogi\/wp-json\/wp\/v2\/comments?post=6033"}],"version-history":[{"count":4,"href":"http:\/\/www.valonkuvaaja.com\/blogi\/wp-json\/wp\/v2\/posts\/6033\/revisions"}],"predecessor-version":[{"id":6037,"href":"http:\/\/www.valonkuvaaja.com\/blogi\/wp-json\/wp\/v2\/posts\/6033\/revisions\/6037"}],"wp:attachment":[{"href":"http:\/\/www.valonkuvaaja.com\/blogi\/wp-json\/wp\/v2\/media?parent=6033"}],"wp:term":[{"taxonomy":"category","embeddable":true,"href":"http:\/\/www.valonkuvaaja.com\/blogi\/wp-json\/wp\/v2\/categories?post=6033"},{"taxonomy":"post_tag","embeddable":true,"href":"http:\/\/www.valonkuvaaja.com\/blogi\/wp-json\/wp\/v2\/tags?post=6033"}],"curies":[{"name":"wp","href":"https:\/\/api.w.org\/{rel}","templated":true}]}}