{"id":6027,"date":"2014-03-03T17:00:47","date_gmt":"2014-03-03T15:00:47","guid":{"rendered":"http:\/\/www.valonkuvaaja.com\/blogi\/?p=6027"},"modified":"2014-03-03T10:50:23","modified_gmt":"2014-03-03T08:50:23","slug":"viikkoblogi-ewpy-kukkasipulit-nakyvissa-vlk-kavijamaarat","status":"publish","type":"post","link":"http:\/\/www.valonkuvaaja.com\/blogi\/viikkoblogi-ewpy-kukkasipulit-nakyvissa-vlk-kavijamaarat","title":{"rendered":"Viikkoblogi: EWPY, Kukkasipulit n\u00e4kyviss\u00e4, VLK k\u00e4vij\u00e4m\u00e4\u00e4r\u00e4t"},"content":{"rendered":"<p>Edellisest\u00e4 blogi julkaisusta on kulunut jo muutama viikko. Jutut eiv\u00e4t ole v\u00e4hentyneet, mutta ei vain ole l\u00f6ytynyt aikaa kirjoittamiselle. On ollut paljon omia menoja ja tietysti olympialaiset veiv\u00e4t oman aikansa :).<\/p>\n<h2>EWPY<\/h2>\n<p>Viime lauantaina oli viimeinen mahdollisuus osallistua t\u00e4m\u00e4n vuoden <em>GDT European Wildlife Photographer of the Year &#8211;<\/em>valokuvakilpailuun.<\/p>\n<p>Osallistuin kisaan 13 kuvalla seuraaviin katekoreihin: Linnut &#8211; 1 kuva, Nis\u00e4kk\u00e4\u00e4t &#8211; 1 kuva, Muut el\u00e4imet &#8211; 4 kuvaa, Kasvit ja sienet &#8211; 3 kuvaa sek\u00e4 Ihminen ja luonto &#8211; 1 kuva.<\/p>\n<p>Ensimm\u00e4isess\u00e4 jatkoon meno vaiheessa pyydet\u00e4\u00e4n kuvista raakatiedostot, tuo tapahtuu 26.3. j\u00e4lkeen. Kisassa palkintosijoille ylt\u00e4neille ilmoitetaan 19.4. j\u00e4lkeen, joten kovin kauaa ei tarvitse odottaa tietoa kyseisess\u00e4 kilpailussa menestymisest\u00e4.<\/p>\n<p>Kilpailun palkinto gaala on perjantaina 24.8.2014.<\/p>\n<p><a href=\"http:\/\/www.valonkuvaaja.com\/kuvagalleria\/displayimage.php?pid=201\" target=\"_blank\"><img loading=\"lazy\" decoding=\"async\" class=\"aligncenter\" alt=\"Matkalla Kilpisj\u00e4rvelle. Kuvaaja: Markus Kauppinen\" src=\"http:\/\/www.valonkuvaaja.com\/kuvagalleria\/albums\/userpics\/10001\/_MTJ8391_kilpisjarvi_saana_markus_kauppinen.jpg\" width=\"640\" height=\"424\" \/><\/a><\/p>\n<h3>Valonkuvaaja.com sivuston k\u00e4vij\u00e4m\u00e4\u00e4r\u00e4<\/h3>\n<p>Kotokulmilta -valokuvan\u00e4yttelyni tuomasta k\u00e4vij\u00e4m\u00e4\u00e4r\u00e4 noususta huolimatta uuden hienon 3000 yksil\u00f6idynk\u00e4vij\u00e4n rajapyykki j\u00e4i harmittavan l\u00e4hell\u00e4 19.2. jolloin sivustollani oli yhteens\u00e4 2998 eri vierailijaa.<\/p>\n<p>Ehk\u00e4p\u00e4 tuo 3000 raja menee rikki nyt kev\u00e4\u00e4n kovaa vauhtia l\u00e4hestyess\u00e4. Kev\u00e4\u00e4n tullen monella alkaa oikein kunnolla kuvauskausi, kuten itsell\u00e4nikin. Talvisin ei tule kovinkaan paljon valokuvattua, mutta kev\u00e4\u00e4n koittaessa sitten ruutuja kertyy talvenkin edest\u00e4.<\/p>\n<p><a href=\"http:\/\/www.valonkuvaaja.com\/kuvagalleria\/displayimage.php?pid=315\" target=\"_blank\"><img loading=\"lazy\" decoding=\"async\" class=\"aligncenter\" alt=\"Poroja tiell\u00e4. Kuvaaja: Markus Kauppinen\" src=\"http:\/\/www.valonkuvaaja.com\/kuvagalleria\/albums\/userpics\/10001\/_MTJ9797_poro_markus_kauppinen.jpg\" width=\"640\" height=\"424\" \/><\/a><\/p>\n<h4>Kukkasipuleita n\u00e4kyviss\u00e4<\/h4>\n<p>Viime aikojen l\u00e4mpim\u00e4t ja aurinkoiset p\u00e4iv\u00e4t ovat saaneet takapihan kukkasipulit nousemaan. Toivottavasti en\u00e4\u00e4 ei tulisi kovia pakkasia, koska niist\u00e4 nuo sipulit eiv\u00e4t selvi\u00e4isi.<\/p>\n<p>Jos kukkasipulit selviytyv\u00e4t kev\u00e4\u00e4seen ja kes\u00e4\u00e4n niin tulette niist\u00e4 sitten jossain vaiheessa kuvia taatusti n\u00e4kem\u00e4\u00e4n.<\/p>\n<div class=\"test-default-content\">\n<p style=\"text-align: center;\"><strong>Markus Kauppinen &#8211; Valonkuvaaja<\/strong><\/p>\n<p style=\"text-align: center;\"><a href=\"http:\/\/www.valonkuvaaja.com\/kuvagalleria\" target=\"_blank\"><img decoding=\"async\" class=\"aligncenter\" title=\"Tervetuloa Valonkuvaajan kuvagalleriaan!\" alt=\"Tervetuloa Valonkuvaajan kuvagalleriaan!\" src=\"\/signeeraus_kuva.jpg\" \/><\/a><\/p>\n<\/div>\n","protected":false},"excerpt":{"rendered":"<p>Edellisest\u00e4 blogi julkaisusta on kulunut jo muutama viikko. Jutut eiv\u00e4t ole v\u00e4hentyneet, mutta ei vain ole l\u00f6ytynyt aikaa kirjoittamiselle. On ollut paljon omia menoja ja tietysti olympialaiset veiv\u00e4t oman aikansa :). EWPY Viime lauantaina oli viimeinen mahdollisuus osallistua t\u00e4m\u00e4n vuoden &hellip; <a href=\"http:\/\/www.valonkuvaaja.com\/blogi\/viikkoblogi-ewpy-kukkasipulit-nakyvissa-vlk-kavijamaarat\">Lue loppuun <span class=\"meta-nav\">&rarr;<\/span><\/a><\/p>\n","protected":false},"author":1,"featured_media":0,"comment_status":"closed","ping_status":"closed","sticky":false,"template":"","format":"standard","meta":{"footnotes":""},"categories":[3,8],"tags":[1184,1095,1185,35,54,974],"class_list":["post-6027","post","type-post","status-publish","format-standard","hentry","category-blogit","category-viimeisimmat","tag-ewpy","tag-gdt-european-wildlife-photographer-of-the-year","tag-kukkasipuli","tag-markus-kauppinen","tag-valokuvaus","tag-viikkoblogi"],"aioseo_notices":[],"_links":{"self":[{"href":"http:\/\/www.valonkuvaaja.com\/blogi\/wp-json\/wp\/v2\/posts\/6027","targetHints":{"allow":["GET"]}}],"collection":[{"href":"http:\/\/www.valonkuvaaja.com\/blogi\/wp-json\/wp\/v2\/posts"}],"about":[{"href":"http:\/\/www.valonkuvaaja.com\/blogi\/wp-json\/wp\/v2\/types\/post"}],"author":[{"embeddable":true,"href":"http:\/\/www.valonkuvaaja.com\/blogi\/wp-json\/wp\/v2\/users\/1"}],"replies":[{"embeddable":true,"href":"http:\/\/www.valonkuvaaja.com\/blogi\/wp-json\/wp\/v2\/comments?post=6027"}],"version-history":[{"count":5,"href":"http:\/\/www.valonkuvaaja.com\/blogi\/wp-json\/wp\/v2\/posts\/6027\/revisions"}],"predecessor-version":[{"id":6032,"href":"http:\/\/www.valonkuvaaja.com\/blogi\/wp-json\/wp\/v2\/posts\/6027\/revisions\/6032"}],"wp:attachment":[{"href":"http:\/\/www.valonkuvaaja.com\/blogi\/wp-json\/wp\/v2\/media?parent=6027"}],"wp:term":[{"taxonomy":"category","embeddable":true,"href":"http:\/\/www.valonkuvaaja.com\/blogi\/wp-json\/wp\/v2\/categories?post=6027"},{"taxonomy":"post_tag","embeddable":true,"href":"http:\/\/www.valonkuvaaja.com\/blogi\/wp-json\/wp\/v2\/tags?post=6027"}],"curies":[{"name":"wp","href":"https:\/\/api.w.org\/{rel}","templated":true}]}}