{"id":5230,"date":"2013-05-17T16:30:49","date_gmt":"2013-05-17T13:30:49","guid":{"rendered":"http:\/\/www.valonkuvaaja.com\/blogi\/?p=5230"},"modified":"2014-01-05T17:49:00","modified_gmt":"2014-01-05T15:49:00","slug":"viikkoblogi-luontokuvausta-mm-kotikisat","status":"publish","type":"post","link":"http:\/\/www.valonkuvaaja.com\/blogi\/viikkoblogi-luontokuvausta-mm-kotikisat","title":{"rendered":"Viikkoblogi: Luontokuvausta, MM-kotikisat"},"content":{"rendered":"<p>Toukokuun on jo edennyt puoliv\u00e4liin. On ollut hieno liikkua luonnossa ja n\u00e4hd\u00e4 miten kasvukausi on r\u00e4j\u00e4ht\u00e4m\u00e4ss\u00e4 kohta kunnolla k\u00e4yntiin.<\/p>\n<p>P\u00e4ivitt\u00e4in on tullut edistyst\u00e4 ja luonto on muuttunut vehre\u00e4mm\u00e4ksi. Koivuissa ja monessa muussakin puussa on jo isot lehdet sek\u00e4 kukat alkavat kukkimaan.<\/p>\n<p><a href=\"http:\/\/www.valonkuvaaja.com\/blogi\/wp-content\/uploads\/2013\/05\/Turdus-merula-mustarastas-Markus-Kauppinen-02.jpg\"><img loading=\"lazy\" decoding=\"async\" class=\"aligncenter size-full wp-image-5292\" alt=\"Turdus merula - Mustarastas. Valokuvaaja: Markus Kauppinen\" src=\"http:\/\/www.valonkuvaaja.com\/blogi\/wp-content\/uploads\/2013\/05\/Turdus-merula-mustarastas-Markus-Kauppinen-02.jpg\" width=\"640\" height=\"424\" srcset=\"http:\/\/www.valonkuvaaja.com\/blogi\/wp-content\/uploads\/2013\/05\/Turdus-merula-mustarastas-Markus-Kauppinen-02.jpg 640w, http:\/\/www.valonkuvaaja.com\/blogi\/wp-content\/uploads\/2013\/05\/Turdus-merula-mustarastas-Markus-Kauppinen-02-300x198.jpg 300w\" sizes=\"auto, (max-width: 640px) 100vw, 640px\" \/><\/a>Linnuilla on ollut kiire pes\u00e4puuhien kanssa ja niit\u00e4 onkin siksi p\u00e4\u00e4ssyt kuvamaan v\u00e4lill\u00e4 yll\u00e4tt\u00e4v\u00e4nkin l\u00e4helt\u00e4 ilman mit\u00e4\u00e4n sen kummempia naamioitumista.<\/p>\n<p>T\u00e4n\u00e4 kev\u00e4\u00e4n\u00e4 olenkin onnistunut ottamaan t\u00e4h\u00e4nastisen valokuvaus toimintani parhaimmat lintukuvat. Matkaa on viel\u00e4 huippu otoksiin, mutta suunta on ainakin oikea :)!<\/p>\n<h2>Luontokuvausta<\/h2>\n<p>Kuten jo esipuheessa kerroinkin, on toukokuussa tullut liikuttua huomattavasti viime kuukausia enemm\u00e4n luonnossa. Kev\u00e4\u00e4n projektina on ollut lintujen kuvaaminen.<\/p>\n<p><a href=\"http:\/\/www.valonkuvaaja.com\/blogi\/wp-content\/uploads\/2013\/05\/Turdus-merula-mustarastas-Markus-Kauppinen-01.jpg\"><img loading=\"lazy\" decoding=\"async\" class=\"aligncenter size-full wp-image-5291\" alt=\"Turdus merula - Mustarastas. Valokuvaaja: Markus Kauppinen\" src=\"http:\/\/www.valonkuvaaja.com\/blogi\/wp-content\/uploads\/2013\/05\/Turdus-merula-mustarastas-Markus-Kauppinen-01.jpg\" width=\"640\" height=\"424\" srcset=\"http:\/\/www.valonkuvaaja.com\/blogi\/wp-content\/uploads\/2013\/05\/Turdus-merula-mustarastas-Markus-Kauppinen-01.jpg 640w, http:\/\/www.valonkuvaaja.com\/blogi\/wp-content\/uploads\/2013\/05\/Turdus-merula-mustarastas-Markus-Kauppinen-01-300x198.jpg 300w\" sizes=\"auto, (max-width: 640px) 100vw, 640px\" \/><\/a>Kuvia on tullut mm. pikkutikoista, mustarastaasta, fasaaneista, sinitiaisista, punakylkirastaista ja tiiroista. Havaintoja on monesta muustakin linnusta ja el\u00e4imest\u00e4, mutta niist\u00e4 ei sitten ole onnistunut ottamaan aikaisempaa parempia kuvia.<\/p>\n<p><a href=\"http:\/\/www.valonkuvaaja.com\/blogi\/wp-content\/uploads\/2013\/05\/Parus-caeruleus-Sinitiainen-Markus-Kauppinen.jpg\"><img loading=\"lazy\" decoding=\"async\" class=\"aligncenter size-full wp-image-5290\" alt=\"Parus caeruleus - Sinitiainen. Valokuvaaja: Markus Kauppinen\" src=\"http:\/\/www.valonkuvaaja.com\/blogi\/wp-content\/uploads\/2013\/05\/Parus-caeruleus-Sinitiainen-Markus-Kauppinen.jpg\" width=\"640\" height=\"424\" srcset=\"http:\/\/www.valonkuvaaja.com\/blogi\/wp-content\/uploads\/2013\/05\/Parus-caeruleus-Sinitiainen-Markus-Kauppinen.jpg 640w, http:\/\/www.valonkuvaaja.com\/blogi\/wp-content\/uploads\/2013\/05\/Parus-caeruleus-Sinitiainen-Markus-Kauppinen-300x198.jpg 300w\" sizes=\"auto, (max-width: 640px) 100vw, 640px\" \/><\/a>Kuvauskausi on kuitenkin vasta kunnolla alkamassa joten eik\u00f6h\u00e4n niit\u00e4 hyvi\u00e4 ruutuja tule jokunen lis\u00e4\u00e4 seuraavien kuukausien aikana. Tavoitteena on saada v\u00e4hint\u00e4\u00e4n 5-10 niin laadukasta kuvaa, ett\u00e4 ne p\u00e4\u00e4sev\u00e4t sitten ensi tammikuussa n\u00e4ytille <a href=\"http:\/\/www.valonkuvaaja.com\/valokuvaus\/valokuvanayttelyt\/kotokulmilta\" target=\"_blank\"><em>Kotokulmilta<\/em> <\/a>n\u00e4yttelyyn.<\/p>\n<h3>MM-kotikisat<\/h3>\n<p>Viime perjantaina k\u00e4vin toistamiseen Hartwall Areenalla katsomassa MM-l\u00e4tk\u00e4\u00e4. Silloin n\u00e4in <a href=\"http:\/\/www.valonkuvaaja.com\/blogi\/mm-kotikisat-slovakia-itavalta-10-5-2013\" target=\"_blank\">Slovakia &#8211; It\u00e4valta<\/a> ja <a href=\"http:\/\/www.valonkuvaaja.com\/blogi\/mm-kotikisat-venaja-suomi-10-5-2013\" target=\"_blank\">Ven\u00e4j\u00e4 &#8211; Suomi<\/a> ottelut. Hyvi\u00e4 pelej\u00e4 olivat molemmat.<\/p>\n<p><span style=\"color: #000000;\">Torstaina Leijonat pelasivat sitten Slovakiaa vastaan. Alku n\u00e4ytti todella hyv\u00e4lt\u00e4. Ensimm\u00e4isen er\u00e4n j\u00e4lkeen peli olikin jo 3-0. Toisessa er\u00e4ss\u00e4 Suomi oli vastaantulijan roolissa ja peli olikin sitten jo 3-2.<\/span><\/p>\n<p><span style=\"color: #000000;\">Sama jatkui heti kolmannessakin er\u00e4ss\u00e4. Puoli minuuttia pelattuna ja peli tasan 3-3. Onneksi Leijonat eiv\u00e4t t\u00e4ysin t\u00e4ss\u00e4k\u00e4\u00e4n tilanteessa taipuneet vaan jatkoivat yrityst\u00e4\u00e4n. Yritys palkittiin 4-3 maalilla, joka riitti voittoon asti.<\/span><\/p>\n<p><span style=\"color: #000000;\">Huomenna lauantaina iltap\u00e4iv\u00e4ll\u00e4 onkin tiedossa mielenkiintoinen ottelu, Suomi &#8211; Ruotsi. Itse toivoin, ett\u00e4 Suomi ei olisi lohkoaan voittanut ja vastassa olisi n\u00e4in ollut lauantaina Sveitsi ja vasta finaalissa sitten Ruotsi..<\/span><\/p>\n<p><span style=\"color: #000000;\">No, nyt Ruotsi voitetaan jo lauantaina ja Sveitsi sitten sunnuntaina. Maanantaina sitten suunnataan jonnekin juhlimaan kolmatta mestaruutta. Mit\u00e4 ilmeisemmin paikkana ei ole Helsingin kauppatori. N\u00e4inh\u00e4n pari vuotta sitten ilmoitettiin, ettei kyseist\u00e4 paikkaa en\u00e4\u00e4 kansanjuhlissa k\u00e4ytett\u00e4isi. Ehk\u00e4p\u00e4 paikkana on sitten Senaatintori. On paikka mik\u00e4 tahansa niin tarkoitukseni on paikan p\u00e4\u00e4lle menn\u00e4.<\/span><\/p>\n<p style=\"text-align: center;\"><strong>Hyv\u00e4\u00e4 viikonloppua teille kaikille!<\/strong><\/p>\n<p style=\"text-align: center;\">Markus Kauppinen &#8211; Valonkuvaaja<\/p>\n<p style=\"text-align: center;\"><a href=\"http:\/\/www.valonkuvaaja.com\/kuvagalleria\" target=\"_blank\" ><img decoding=\"async\" class=\"aligncenter\" src=\"\/signeeraus_kuva.jpg\" title=\"Tervetuloa Valonkuvaajan kuvagalleriaan!\" alt=\"Tervetuloa Valonkuvaajan kuvagalleriaan!\" \/><\/a><\/p>\n","protected":false},"excerpt":{"rendered":"<p>Toukokuun on jo edennyt puoliv\u00e4liin. On ollut hieno liikkua luonnossa ja n\u00e4hd\u00e4 miten kasvukausi on r\u00e4j\u00e4ht\u00e4m\u00e4ss\u00e4 kohta kunnolla k\u00e4yntiin. P\u00e4ivitt\u00e4in on tullut edistyst\u00e4 ja luonto on muuttunut vehre\u00e4mm\u00e4ksi. Koivuissa ja monessa muussakin puussa on jo isot lehdet sek\u00e4 kukat alkavat &hellip; <a href=\"http:\/\/www.valonkuvaaja.com\/blogi\/viikkoblogi-luontokuvausta-mm-kotikisat\">Lue loppuun <span class=\"meta-nav\">&rarr;<\/span><\/a><\/p>\n","protected":false},"author":1,"featured_media":0,"comment_status":"closed","ping_status":"closed","sticky":false,"template":"","format":"standard","meta":{"footnotes":""},"categories":[3,7,8],"tags":[138,614,726,35,628,135,1122,1121,54,55,974],"class_list":["post-5230","post","type-post","status-publish","format-standard","hentry","category-blogit","category-valokuviani","category-viimeisimmat","tag-jaakiekko","tag-kotikisat","tag-luontokuvaus","tag-markus-kauppinen","tag-mm-kotikisat","tag-mmkisat","tag-puolivaliera","tag-valieraottelu","tag-valokuvaus","tag-valokuvia","tag-viikkoblogi"],"aioseo_notices":[],"_links":{"self":[{"href":"http:\/\/www.valonkuvaaja.com\/blogi\/wp-json\/wp\/v2\/posts\/5230","targetHints":{"allow":["GET"]}}],"collection":[{"href":"http:\/\/www.valonkuvaaja.com\/blogi\/wp-json\/wp\/v2\/posts"}],"about":[{"href":"http:\/\/www.valonkuvaaja.com\/blogi\/wp-json\/wp\/v2\/types\/post"}],"author":[{"embeddable":true,"href":"http:\/\/www.valonkuvaaja.com\/blogi\/wp-json\/wp\/v2\/users\/1"}],"replies":[{"embeddable":true,"href":"http:\/\/www.valonkuvaaja.com\/blogi\/wp-json\/wp\/v2\/comments?post=5230"}],"version-history":[{"count":10,"href":"http:\/\/www.valonkuvaaja.com\/blogi\/wp-json\/wp\/v2\/posts\/5230\/revisions"}],"predecessor-version":[{"id":5808,"href":"http:\/\/www.valonkuvaaja.com\/blogi\/wp-json\/wp\/v2\/posts\/5230\/revisions\/5808"}],"wp:attachment":[{"href":"http:\/\/www.valonkuvaaja.com\/blogi\/wp-json\/wp\/v2\/media?parent=5230"}],"wp:term":[{"taxonomy":"category","embeddable":true,"href":"http:\/\/www.valonkuvaaja.com\/blogi\/wp-json\/wp\/v2\/categories?post=5230"},{"taxonomy":"post_tag","embeddable":true,"href":"http:\/\/www.valonkuvaaja.com\/blogi\/wp-json\/wp\/v2\/tags?post=5230"}],"curies":[{"name":"wp","href":"https:\/\/api.w.org\/{rel}","templated":true}]}}