{"id":5097,"date":"2013-03-31T17:30:40","date_gmt":"2013-03-31T15:30:40","guid":{"rendered":"http:\/\/www.valonkuvaaja.com\/blogi\/?p=5097"},"modified":"2014-01-05T18:00:14","modified_gmt":"2014-01-05T16:00:14","slug":"viikkoblogi-hpk-jyp-gdt-100-fb-tykkaajaa","status":"publish","type":"post","link":"http:\/\/www.valonkuvaaja.com\/blogi\/viikkoblogi-hpk-jyp-gdt-100-fb-tykkaajaa","title":{"rendered":"Viikkoblogi: HPK-JYP, GDT, 100+ FB tykk\u00e4\u00e4j\u00e4\u00e4"},"content":{"rendered":"<p><a href=\"http:\/\/www.valonkuvaaja.com\/blogi\/wp-content\/uploads\/2013\/02\/leskenlehti-markus-kauppinen-04.jpg\"><img loading=\"lazy\" decoding=\"async\" class=\"alignleft size-medium wp-image-4592\" alt=\"Leskenlehti. Valokuvaaja: Markus Kauppinen\" src=\"http:\/\/www.valonkuvaaja.com\/blogi\/wp-content\/uploads\/2013\/02\/leskenlehti-markus-kauppinen-04-300x199.jpg\" width=\"300\" height=\"199\" srcset=\"http:\/\/www.valonkuvaaja.com\/blogi\/wp-content\/uploads\/2013\/02\/leskenlehti-markus-kauppinen-04-300x199.jpg 300w, http:\/\/www.valonkuvaaja.com\/blogi\/wp-content\/uploads\/2013\/02\/leskenlehti-markus-kauppinen-04.jpg 640w\" sizes=\"auto, (max-width: 300px) 100vw, 300px\" \/><\/a>Taakse j\u00e4\u00e4m\u00e4ss\u00e4 oleva viikko oli j\u00e4lleen kerran tapahtumarikas, kuten el\u00e4m\u00e4 jokap\u00e4iv\u00e4 on jos tarpeeksi tarkasti sit\u00e4 pohtii.<\/p>\n<p><strong>Viikolla k\u00e4vin pitk\u00e4st\u00e4 aikaa katsomassa j\u00e4\u00e4kiekon SM-liigaa<\/strong>, <a href=\"http:\/\/www.valonkuvaaja.com\/blogi\/sm-liigan-playoffs-hpk-2-jyp-3-25-3-2013\" target=\"_blank\">HPK-JYP ottelusarjan nelj\u00e4tt\u00e4 peli\u00e4<\/a>. Peli oli tiukkaa v\u00e4\u00e4nt\u00f6\u00e4 ja melkoista sirkusta monestakin syyst\u00e4. Tarkempaa tarinaa ja ottamiani valokuvia voit k\u00e4yd\u00e4 katsomassa tuon edell\u00e4 olevan linkin kautta.<\/p>\n<p><strong>Valonkuvaaja.com sivuston <\/strong>Facebook tykk\u00e4\u00e4jien m\u00e4\u00e4r\u00e4 rikkoi hienon sadan tykk\u00e4\u00e4j\u00e4n rajan viikko sitten sunnuntaina! Emp\u00e4 olisi uskonut tuotakaan n\u00e4kev\u00e4ni, mutta niin vain sain sen n\u00e4hd\u00e4! Suuret kiitokset siit\u00e4 kaikille tykk\u00e4\u00e4jille tasapuolisesti :)!<\/p>\n<p>Osallistuin viikolla <strong>GDT European Wildlife Photographer of the Year 2013<\/strong> valokuvakilpailuun. Viime vuonna kisa meni muuton takia valitettavasti ohitse, mutta t\u00e4ll\u00e4 kertaa olin kartalla maailman menosta sen verran, ettei kisa mennyt ohitse.<\/p>\n<p>Olen osallistunut kisaan kerran aiemminkin ja silloin <a href=\"http:\/\/www.valonkuvaaja.com\/valokuvaus\/valokuvauskilpailut\/ulkomaan\/gdt-european-wildlife-photographer-of-the-year\" target=\"_blank\"><em>Fenix<\/em><\/a> kuvani oli ainut joka p\u00e4\u00e4si alkukierrokselta jatkoon. T\u00e4ll\u00e4 kertaa tavoitteet ovat tietysti v\u00e4hint\u00e4\u00e4nkin samat ja toivottavasti tulos on parempi.<\/p>\n<p>Olisihan se aivan mahtavaa, jos jokin kuvistani sai kunniamaininnan tai jopa sijoittuisi palkittujen kuvien joukkoon! Kisaan on viel\u00e4 mahdollista osallistu, sill\u00e4 huomenna on viimeinen osallistumisp\u00e4iv\u00e4.<\/p>\n<p style=\"text-align: center;\"><strong>Markus Kauppinen &#8211; Valonkuvaaja<\/strong><\/p>\n<p style=\"text-align: center;\"><a href=\"http:\/\/www.valonkuvaaja.com\/kuvagalleria\" target=\"_blank\" ><img decoding=\"async\" class=\"aligncenter\" src=\"\/signeeraus_kuva.jpg\" title=\"Tervetuloa Valonkuvaajan kuvagalleriaan!\" alt=\"Tervetuloa Valonkuvaajan kuvagalleriaan!\" \/><\/a><\/p>\n","protected":false},"excerpt":{"rendered":"<p>Taakse j\u00e4\u00e4m\u00e4ss\u00e4 oleva viikko oli j\u00e4lleen kerran tapahtumarikas, kuten el\u00e4m\u00e4 jokap\u00e4iv\u00e4 on jos tarpeeksi tarkasti sit\u00e4 pohtii. Viikolla k\u00e4vin pitk\u00e4st\u00e4 aikaa katsomassa j\u00e4\u00e4kiekon SM-liigaa, HPK-JYP ottelusarjan nelj\u00e4tt\u00e4 peli\u00e4. Peli oli tiukkaa v\u00e4\u00e4nt\u00f6\u00e4 ja melkoista sirkusta monestakin syyst\u00e4. Tarkempaa tarinaa ja &hellip; <a href=\"http:\/\/www.valonkuvaaja.com\/blogi\/viikkoblogi-hpk-jyp-gdt-100-fb-tykkaajaa\">Lue loppuun <span class=\"meta-nav\">&rarr;<\/span><\/a><\/p>\n","protected":false},"author":1,"featured_media":0,"comment_status":"closed","ping_status":"closed","sticky":false,"template":"","format":"standard","meta":{"footnotes":""},"categories":[3,8],"tags":[167,82,1095,597,35,974],"class_list":["post-5097","post","type-post","status-publish","format-standard","hentry","category-blogit","category-viimeisimmat","tag-facebook","tag-gdt","tag-gdt-european-wildlife-photographer-of-the-year","tag-hpk","tag-markus-kauppinen","tag-viikkoblogi"],"aioseo_notices":[],"_links":{"self":[{"href":"http:\/\/www.valonkuvaaja.com\/blogi\/wp-json\/wp\/v2\/posts\/5097","targetHints":{"allow":["GET"]}}],"collection":[{"href":"http:\/\/www.valonkuvaaja.com\/blogi\/wp-json\/wp\/v2\/posts"}],"about":[{"href":"http:\/\/www.valonkuvaaja.com\/blogi\/wp-json\/wp\/v2\/types\/post"}],"author":[{"embeddable":true,"href":"http:\/\/www.valonkuvaaja.com\/blogi\/wp-json\/wp\/v2\/users\/1"}],"replies":[{"embeddable":true,"href":"http:\/\/www.valonkuvaaja.com\/blogi\/wp-json\/wp\/v2\/comments?post=5097"}],"version-history":[{"count":3,"href":"http:\/\/www.valonkuvaaja.com\/blogi\/wp-json\/wp\/v2\/posts\/5097\/revisions"}],"predecessor-version":[{"id":5834,"href":"http:\/\/www.valonkuvaaja.com\/blogi\/wp-json\/wp\/v2\/posts\/5097\/revisions\/5834"}],"wp:attachment":[{"href":"http:\/\/www.valonkuvaaja.com\/blogi\/wp-json\/wp\/v2\/media?parent=5097"}],"wp:term":[{"taxonomy":"category","embeddable":true,"href":"http:\/\/www.valonkuvaaja.com\/blogi\/wp-json\/wp\/v2\/categories?post=5097"},{"taxonomy":"post_tag","embeddable":true,"href":"http:\/\/www.valonkuvaaja.com\/blogi\/wp-json\/wp\/v2\/tags?post=5097"}],"curies":[{"name":"wp","href":"https:\/\/api.w.org\/{rel}","templated":true}]}}