{"id":4848,"date":"2013-05-05T16:00:37","date_gmt":"2013-05-05T14:00:37","guid":{"rendered":"http:\/\/www.valonkuvaaja.com\/blogi\/?p=4848"},"modified":"2014-01-05T17:54:04","modified_gmt":"2014-01-05T15:54:04","slug":"valokuvia-vihreasta-toukasta-osa-1","status":"publish","type":"post","link":"http:\/\/www.valonkuvaaja.com\/blogi\/valokuvia-vihreasta-toukasta-osa-1","title":{"rendered":"Valokuvia vihre\u00e4st\u00e4 toukasta &#8211; osa 1"},"content":{"rendered":"<p>T\u00e4m\u00e4nkertaisessa valokuvajulkaisussa p\u00e4\u00e4t\u00e4hten\u00e4 etenee vihre\u00e4 toukka. Toukka on varmaankin jonkin perhosen toukka, mutta tarkempaa tietoa itsell\u00e4ni ei ole.<\/p>\n<p>Jos joku teist\u00e4 kuvia katsovista tunnistaa kyseisen toukan niin kerrothan tietosi artikkelin kommenttikent\u00e4ss\u00e4, joka l\u00f6ytyy jutun lopusta.<\/p>\n<p>Kuvat ovat otettu Pentax K100D, Pentax K20D ja Pentax K-5 j\u00e4rjestelm\u00e4kameroilla. Objektiiveina olen k\u00e4ytt\u00e4nyt Pentaxin 18-55mm ja Pentax 100mm makro objektiiveja. Salamalaitteena k\u00e4ytin Pentaxin AF-160FC rengassalamaa.<\/p>\n<p><a href=\"http:\/\/www.valonkuvaaja.com\/blogi\/wp-content\/uploads\/2013\/02\/luontokuvaus-vihrea-toukka-markus-kauppinen-01.jpg\"><img loading=\"lazy\" decoding=\"async\" class=\"aligncenter size-full wp-image-4838\" title=\"\" alt=\"Luontokuvaus - Vihre\u00e4 toukka. Valokuvaaja: Markus Kauppinen\" src=\"http:\/\/www.valonkuvaaja.com\/blogi\/wp-content\/uploads\/2013\/02\/luontokuvaus-vihrea-toukka-markus-kauppinen-01.jpg\" width=\"426\" height=\"640\" srcset=\"http:\/\/www.valonkuvaaja.com\/blogi\/wp-content\/uploads\/2013\/02\/luontokuvaus-vihrea-toukka-markus-kauppinen-01.jpg 426w, http:\/\/www.valonkuvaaja.com\/blogi\/wp-content\/uploads\/2013\/02\/luontokuvaus-vihrea-toukka-markus-kauppinen-01-199x300.jpg 199w\" sizes=\"auto, (max-width: 426px) 100vw, 426px\" \/><\/a><\/p>\n<p><a href=\"http:\/\/www.valonkuvaaja.com\/blogi\/wp-content\/uploads\/2013\/02\/luontokuvaus-vihrea-toukka-markus-kauppinen-02.jpg\"><img loading=\"lazy\" decoding=\"async\" class=\"aligncenter size-full wp-image-4839\" title=\"\" alt=\"Luontokuvaus - Vihre\u00e4 toukka. Valokuvaaja: Markus Kauppinen\" src=\"http:\/\/www.valonkuvaaja.com\/blogi\/wp-content\/uploads\/2013\/02\/luontokuvaus-vihrea-toukka-markus-kauppinen-02.jpg\" width=\"426\" height=\"640\" srcset=\"http:\/\/www.valonkuvaaja.com\/blogi\/wp-content\/uploads\/2013\/02\/luontokuvaus-vihrea-toukka-markus-kauppinen-02.jpg 426w, http:\/\/www.valonkuvaaja.com\/blogi\/wp-content\/uploads\/2013\/02\/luontokuvaus-vihrea-toukka-markus-kauppinen-02-199x300.jpg 199w\" sizes=\"auto, (max-width: 426px) 100vw, 426px\" \/><\/a><\/p>\n<p><a href=\"http:\/\/www.valonkuvaaja.com\/blogi\/wp-content\/uploads\/2013\/02\/luontokuvaus-vihrea-toukka-markus-kauppinen-03.jpg\"><img loading=\"lazy\" decoding=\"async\" class=\"aligncenter size-full wp-image-4840\" title=\"\" alt=\"Luontokuvaus - Vihre\u00e4 toukka. Valokuvaaja: Markus Kauppinen\" src=\"http:\/\/www.valonkuvaaja.com\/blogi\/wp-content\/uploads\/2013\/02\/luontokuvaus-vihrea-toukka-markus-kauppinen-03.jpg\" width=\"424\" height=\"640\" srcset=\"http:\/\/www.valonkuvaaja.com\/blogi\/wp-content\/uploads\/2013\/02\/luontokuvaus-vihrea-toukka-markus-kauppinen-03.jpg 424w, http:\/\/www.valonkuvaaja.com\/blogi\/wp-content\/uploads\/2013\/02\/luontokuvaus-vihrea-toukka-markus-kauppinen-03-198x300.jpg 198w\" sizes=\"auto, (max-width: 424px) 100vw, 424px\" \/><\/a><\/p>\n<p><a href=\"http:\/\/www.valonkuvaaja.com\/blogi\/wp-content\/uploads\/2013\/02\/luontokuvaus-vihrea-toukka-markus-kauppinen-04.jpg\"><img loading=\"lazy\" decoding=\"async\" class=\"aligncenter size-full wp-image-4841\" title=\"\" alt=\"Luontokuvaus - Vihre\u00e4 toukka. Valokuvaaja: Markus Kauppinen\" src=\"http:\/\/www.valonkuvaaja.com\/blogi\/wp-content\/uploads\/2013\/02\/luontokuvaus-vihrea-toukka-markus-kauppinen-04.jpg\" width=\"640\" height=\"424\" srcset=\"http:\/\/www.valonkuvaaja.com\/blogi\/wp-content\/uploads\/2013\/02\/luontokuvaus-vihrea-toukka-markus-kauppinen-04.jpg 640w, http:\/\/www.valonkuvaaja.com\/blogi\/wp-content\/uploads\/2013\/02\/luontokuvaus-vihrea-toukka-markus-kauppinen-04-300x198.jpg 300w\" sizes=\"auto, (max-width: 640px) 100vw, 640px\" \/><\/a><\/p>\n<p style=\"text-align: center;\"><a href=\"http:\/\/www.valonkuvaaja.com\/blogi\/wp-content\/uploads\/2013\/02\/luontokuvaus-vihrea-toukka-markus-kauppinen-05.jpg\"><img loading=\"lazy\" decoding=\"async\" class=\"aligncenter size-full wp-image-4842\" title=\"\" alt=\"Luontokuvaus - Vihre\u00e4 toukka. Valokuvaaja: Markus Kauppinen\" src=\"http:\/\/www.valonkuvaaja.com\/blogi\/wp-content\/uploads\/2013\/02\/luontokuvaus-vihrea-toukka-markus-kauppinen-05.jpg\" width=\"424\" height=\"640\" srcset=\"http:\/\/www.valonkuvaaja.com\/blogi\/wp-content\/uploads\/2013\/02\/luontokuvaus-vihrea-toukka-markus-kauppinen-05.jpg 424w, http:\/\/www.valonkuvaaja.com\/blogi\/wp-content\/uploads\/2013\/02\/luontokuvaus-vihrea-toukka-markus-kauppinen-05-198x300.jpg 198w\" sizes=\"auto, (max-width: 424px) 100vw, 424px\" \/><\/a><strong>Markus Kauppinen &#8211; Valonkuvaaja<\/strong><\/p>\n<p style=\"text-align: center;\"><a href=\"http:\/\/www.valonkuvaaja.com\/kuvagalleria\" target=\"_blank\"><img decoding=\"async\" class=\"aligncenter\" title=\"Tervetuloa Valonkuvaajan kuvagalleriaan!\" alt=\"Tervetuloa Valonkuvaajan kuvagalleriaan!\" src=\"\/signeeraus_kuva.jpg\" \/><\/a><\/p>\n","protected":false},"excerpt":{"rendered":"<p>T\u00e4m\u00e4nkertaisessa valokuvajulkaisussa p\u00e4\u00e4t\u00e4hten\u00e4 etenee vihre\u00e4 toukka. Toukka on varmaankin jonkin perhosen toukka, mutta tarkempaa tietoa itsell\u00e4ni ei ole. Jos joku teist\u00e4 kuvia katsovista tunnistaa kyseisen toukan niin kerrothan tietosi artikkelin kommenttikent\u00e4ss\u00e4, joka l\u00f6ytyy jutun lopusta. Kuvat ovat otettu Pentax K100D, &hellip; <a href=\"http:\/\/www.valonkuvaaja.com\/blogi\/valokuvia-vihreasta-toukasta-osa-1\">Lue loppuun <span class=\"meta-nav\">&rarr;<\/span><\/a><\/p>\n","protected":false},"author":1,"featured_media":0,"comment_status":"closed","ping_status":"closed","sticky":false,"template":"","format":"standard","meta":{"footnotes":""},"categories":[3,7,8],"tags":[151,726,34,35,41,1077,1076,590,1049,54,55,1051],"class_list":["post-4848","post","type-post","status-publish","format-standard","hentry","category-blogit","category-valokuviani","category-viimeisimmat","tag-lahikuvaus","tag-luontokuvaus","tag-makro","tag-markus-kauppinen","tag-pentax","tag-pentax-af-160fc","tag-pentax-k100d","tag-pentax-k20d","tag-toukka","tag-valokuvaus","tag-valokuvia","tag-vihrea-toukka"],"aioseo_notices":[],"_links":{"self":[{"href":"http:\/\/www.valonkuvaaja.com\/blogi\/wp-json\/wp\/v2\/posts\/4848","targetHints":{"allow":["GET"]}}],"collection":[{"href":"http:\/\/www.valonkuvaaja.com\/blogi\/wp-json\/wp\/v2\/posts"}],"about":[{"href":"http:\/\/www.valonkuvaaja.com\/blogi\/wp-json\/wp\/v2\/types\/post"}],"author":[{"embeddable":true,"href":"http:\/\/www.valonkuvaaja.com\/blogi\/wp-json\/wp\/v2\/users\/1"}],"replies":[{"embeddable":true,"href":"http:\/\/www.valonkuvaaja.com\/blogi\/wp-json\/wp\/v2\/comments?post=4848"}],"version-history":[{"count":6,"href":"http:\/\/www.valonkuvaaja.com\/blogi\/wp-json\/wp\/v2\/posts\/4848\/revisions"}],"predecessor-version":[{"id":5820,"href":"http:\/\/www.valonkuvaaja.com\/blogi\/wp-json\/wp\/v2\/posts\/4848\/revisions\/5820"}],"wp:attachment":[{"href":"http:\/\/www.valonkuvaaja.com\/blogi\/wp-json\/wp\/v2\/media?parent=4848"}],"wp:term":[{"taxonomy":"category","embeddable":true,"href":"http:\/\/www.valonkuvaaja.com\/blogi\/wp-json\/wp\/v2\/categories?post=4848"},{"taxonomy":"post_tag","embeddable":true,"href":"http:\/\/www.valonkuvaaja.com\/blogi\/wp-json\/wp\/v2\/tags?post=4848"}],"curies":[{"name":"wp","href":"https:\/\/api.w.org\/{rel}","templated":true}]}}