{"id":4613,"date":"2013-12-15T16:00:07","date_gmt":"2013-12-15T14:00:07","guid":{"rendered":"http:\/\/www.valonkuvaaja.com\/blogi\/?p=4613"},"modified":"2014-01-05T17:03:58","modified_gmt":"2014-01-05T15:03:58","slug":"valokuvia-apiloista-osa-2","status":"publish","type":"post","link":"http:\/\/www.valonkuvaaja.com\/blogi\/valokuvia-apiloista-osa-2","title":{"rendered":"Valokuvia apiloista &#8211; osa 2"},"content":{"rendered":"<p>T\u00e4m\u00e4nkertaisessa julkaisussa p\u00e4\u00e4roolissa on j\u00e4lleen valokuvaamiani apiloita. Apilat ovat kauniita kes\u00e4n kukkia ja niit\u00e4 on mukava muistella n\u00e4in\u00e4 pimein\u00e4 aikoina. Aikaisemman apila julkaisun l\u00f6yd\u00e4t <a href=\"http:\/\/www.valonkuvaaja.com\/blogi\/valokuvia-apiloista-osa-1\" target=\"_blank\">t\u00e4\u00e4lt\u00e4<\/a>.<\/p>\n<p>Kuvat on otettu Pentax K100D ja Pentax K20D j\u00e4rjestelm\u00e4kameroilla. Objektiivina olen k\u00e4ytt\u00e4nyt Pentaxin 100m makroa.<\/p>\n<p><a href=\"http:\/\/www.valonkuvaaja.com\/blogi\/wp-content\/uploads\/2013\/02\/apila-markus-kauppinen-03.jpg\"><img loading=\"lazy\" decoding=\"async\" class=\"aligncenter size-full wp-image-4603\" title=\"\" alt=\"Apila. Valokuvaaja: Markus Kauppinen\" src=\"http:\/\/www.valonkuvaaja.com\/blogi\/wp-content\/uploads\/2013\/02\/apila-markus-kauppinen-03.jpg\" width=\"426\" height=\"640\" srcset=\"http:\/\/www.valonkuvaaja.com\/blogi\/wp-content\/uploads\/2013\/02\/apila-markus-kauppinen-03.jpg 426w, http:\/\/www.valonkuvaaja.com\/blogi\/wp-content\/uploads\/2013\/02\/apila-markus-kauppinen-03-199x300.jpg 199w\" sizes=\"auto, (max-width: 426px) 100vw, 426px\" \/><\/a><\/p>\n<p><a href=\"http:\/\/www.valonkuvaaja.com\/blogi\/wp-content\/uploads\/2013\/02\/apila-markus-kauppinen-07.jpg\"><img loading=\"lazy\" decoding=\"async\" class=\"aligncenter size-full wp-image-4607\" title=\"\" alt=\"Apila. Valokuvaaja: Markus Kauppinen\" src=\"http:\/\/www.valonkuvaaja.com\/blogi\/wp-content\/uploads\/2013\/02\/apila-markus-kauppinen-07.jpg\" width=\"425\" height=\"640\" srcset=\"http:\/\/www.valonkuvaaja.com\/blogi\/wp-content\/uploads\/2013\/02\/apila-markus-kauppinen-07.jpg 425w, http:\/\/www.valonkuvaaja.com\/blogi\/wp-content\/uploads\/2013\/02\/apila-markus-kauppinen-07-199x300.jpg 199w\" sizes=\"auto, (max-width: 425px) 100vw, 425px\" \/><\/a><\/p>\n<p><a href=\"http:\/\/www.valonkuvaaja.com\/blogi\/wp-content\/uploads\/2013\/02\/apila-markus-kauppinen-08.jpg\"><img loading=\"lazy\" decoding=\"async\" class=\"aligncenter size-full wp-image-4608\" title=\"\" alt=\"Apila. Valokuvaaja: Markus Kauppinen\" src=\"http:\/\/www.valonkuvaaja.com\/blogi\/wp-content\/uploads\/2013\/02\/apila-markus-kauppinen-08.jpg\" width=\"640\" height=\"450\" srcset=\"http:\/\/www.valonkuvaaja.com\/blogi\/wp-content\/uploads\/2013\/02\/apila-markus-kauppinen-08.jpg 640w, http:\/\/www.valonkuvaaja.com\/blogi\/wp-content\/uploads\/2013\/02\/apila-markus-kauppinen-08-300x210.jpg 300w\" sizes=\"auto, (max-width: 640px) 100vw, 640px\" \/><\/a><\/p>\n<p><a href=\"http:\/\/www.valonkuvaaja.com\/blogi\/wp-content\/uploads\/2013\/02\/apila-markus-kauppinen-09.jpg\"><img loading=\"lazy\" decoding=\"async\" class=\"aligncenter size-full wp-image-4609\" title=\"\" alt=\"Apila. Valokuvaaja: Markus Kauppinen\" src=\"http:\/\/www.valonkuvaaja.com\/blogi\/wp-content\/uploads\/2013\/02\/apila-markus-kauppinen-09.jpg\" width=\"425\" height=\"640\" srcset=\"http:\/\/www.valonkuvaaja.com\/blogi\/wp-content\/uploads\/2013\/02\/apila-markus-kauppinen-09.jpg 425w, http:\/\/www.valonkuvaaja.com\/blogi\/wp-content\/uploads\/2013\/02\/apila-markus-kauppinen-09-199x300.jpg 199w\" sizes=\"auto, (max-width: 425px) 100vw, 425px\" \/><\/a><\/p>\n<p><a href=\"http:\/\/www.valonkuvaaja.com\/blogi\/wp-content\/uploads\/2013\/02\/apila-markus-kauppinen-10.jpg\"><img loading=\"lazy\" decoding=\"async\" class=\"aligncenter size-full wp-image-4610\" title=\"\" alt=\"Apila. Valokuvaaja: Markus Kauppinen\" src=\"http:\/\/www.valonkuvaaja.com\/blogi\/wp-content\/uploads\/2013\/02\/apila-markus-kauppinen-10.jpg\" width=\"425\" height=\"640\" srcset=\"http:\/\/www.valonkuvaaja.com\/blogi\/wp-content\/uploads\/2013\/02\/apila-markus-kauppinen-10.jpg 425w, http:\/\/www.valonkuvaaja.com\/blogi\/wp-content\/uploads\/2013\/02\/apila-markus-kauppinen-10-199x300.jpg 199w\" sizes=\"auto, (max-width: 425px) 100vw, 425px\" \/><\/a><\/p>\n<p style=\"text-align: center;\"><strong>Markus Kauppinen &#8211; Valonkuvaaja<\/strong><\/p>\n<p style=\"text-align: center;\"><a href=\"http:\/\/www.valonkuvaaja.com\/kuvagalleria\" target=\"_blank\" ><img decoding=\"async\" class=\"aligncenter\" src=\"\/signeeraus_kuva.jpg\" title=\"Tervetuloa Valonkuvaajan kuvagalleriaan!\" alt=\"Tervetuloa Valonkuvaajan kuvagalleriaan!\" \/><\/a><\/p>\n","protected":false},"excerpt":{"rendered":"<p>T\u00e4m\u00e4nkertaisessa julkaisussa p\u00e4\u00e4roolissa on j\u00e4lleen valokuvaamiani apiloita. Apilat ovat kauniita kes\u00e4n kukkia ja niit\u00e4 on mukava muistella n\u00e4in\u00e4 pimein\u00e4 aikoina. Aikaisemman apila julkaisun l\u00f6yd\u00e4t t\u00e4\u00e4lt\u00e4. Kuvat on otettu Pentax K100D ja Pentax K20D j\u00e4rjestelm\u00e4kameroilla. Objektiivina olen k\u00e4ytt\u00e4nyt Pentaxin 100m makroa. &hellip; <a href=\"http:\/\/www.valonkuvaaja.com\/blogi\/valokuvia-apiloista-osa-2\">Lue loppuun <span class=\"meta-nav\">&rarr;<\/span><\/a><\/p>\n","protected":false},"author":1,"featured_media":0,"comment_status":"closed","ping_status":"closed","sticky":false,"template":"","format":"standard","meta":{"footnotes":""},"categories":[3,7,8],"tags":[1038,1039,35,41,1083,1076,590,55],"class_list":["post-4613","post","type-post","status-publish","format-standard","hentry","category-blogit","category-valokuviani","category-viimeisimmat","tag-apila","tag-apiloita","tag-markus-kauppinen","tag-pentax","tag-pentax-100mm-macro","tag-pentax-k100d","tag-pentax-k20d","tag-valokuvia"],"aioseo_notices":[],"_links":{"self":[{"href":"http:\/\/www.valonkuvaaja.com\/blogi\/wp-json\/wp\/v2\/posts\/4613","targetHints":{"allow":["GET"]}}],"collection":[{"href":"http:\/\/www.valonkuvaaja.com\/blogi\/wp-json\/wp\/v2\/posts"}],"about":[{"href":"http:\/\/www.valonkuvaaja.com\/blogi\/wp-json\/wp\/v2\/types\/post"}],"author":[{"embeddable":true,"href":"http:\/\/www.valonkuvaaja.com\/blogi\/wp-json\/wp\/v2\/users\/1"}],"replies":[{"embeddable":true,"href":"http:\/\/www.valonkuvaaja.com\/blogi\/wp-json\/wp\/v2\/comments?post=4613"}],"version-history":[{"count":6,"href":"http:\/\/www.valonkuvaaja.com\/blogi\/wp-json\/wp\/v2\/posts\/4613\/revisions"}],"predecessor-version":[{"id":4616,"href":"http:\/\/www.valonkuvaaja.com\/blogi\/wp-json\/wp\/v2\/posts\/4613\/revisions\/4616"}],"wp:attachment":[{"href":"http:\/\/www.valonkuvaaja.com\/blogi\/wp-json\/wp\/v2\/media?parent=4613"}],"wp:term":[{"taxonomy":"category","embeddable":true,"href":"http:\/\/www.valonkuvaaja.com\/blogi\/wp-json\/wp\/v2\/categories?post=4613"},{"taxonomy":"post_tag","embeddable":true,"href":"http:\/\/www.valonkuvaaja.com\/blogi\/wp-json\/wp\/v2\/tags?post=4613"}],"curies":[{"name":"wp","href":"https:\/\/api.w.org\/{rel}","templated":true}]}}