{"id":4588,"date":"2013-04-07T16:00:32","date_gmt":"2013-04-07T14:00:32","guid":{"rendered":"http:\/\/www.valonkuvaaja.com\/blogi\/?p=4588"},"modified":"2014-01-05T17:59:37","modified_gmt":"2014-01-05T15:59:37","slug":"valokuvia-leskenlehdista","status":"publish","type":"post","link":"http:\/\/www.valonkuvaaja.com\/blogi\/valokuvia-leskenlehdista","title":{"rendered":"Valokuvia leskenlehdist\u00e4"},"content":{"rendered":"<p>T\u00e4m\u00e4n kertaisessa valokuva julkaisussa p\u00e4\u00e4osissaon leskenlehdet (<em>Tussilago farfara<\/em>). T\u00e4m\u00e4 kev\u00e4\u00e4n iloinen merkki on nytkin hyvin ajankohtainen kasvi.<\/p>\n<p>Kuvat ovat otettu Pentax K100D ja K20D j\u00e4rjestelm\u00e4kameroilla. Objektiiveina olen k\u00e4ytt\u00e4nyt Pentaxin 18-55 ja Pentaxin 100mm macro linssej\u00e4.<\/p>\n<p><a href=\"http:\/\/www.valonkuvaaja.com\/blogi\/wp-content\/uploads\/2013\/02\/leskenlehti-markus-kauppinen-01.jpg\"><img loading=\"lazy\" decoding=\"async\" class=\"aligncenter size-full wp-image-4589\" title=\"\" alt=\"Leskenlehti. Valokuvaaja: Markus Kauppinen\" src=\"http:\/\/www.valonkuvaaja.com\/blogi\/wp-content\/uploads\/2013\/02\/leskenlehti-markus-kauppinen-01.jpg\" width=\"640\" height=\"426\" srcset=\"http:\/\/www.valonkuvaaja.com\/blogi\/wp-content\/uploads\/2013\/02\/leskenlehti-markus-kauppinen-01.jpg 640w, http:\/\/www.valonkuvaaja.com\/blogi\/wp-content\/uploads\/2013\/02\/leskenlehti-markus-kauppinen-01-300x199.jpg 300w\" sizes=\"auto, (max-width: 640px) 100vw, 640px\" \/><\/a><\/p>\n<p><a href=\"http:\/\/www.valonkuvaaja.com\/blogi\/wp-content\/uploads\/2013\/02\/leskenlehti-markus-kauppinen-02.jpg\"><img loading=\"lazy\" decoding=\"async\" class=\"aligncenter size-full wp-image-4590\" title=\"\" alt=\"Leskenlehti. Valokuvaaja: Markus Kauppinen\" src=\"http:\/\/www.valonkuvaaja.com\/blogi\/wp-content\/uploads\/2013\/02\/leskenlehti-markus-kauppinen-02.jpg\" width=\"640\" height=\"426\" srcset=\"http:\/\/www.valonkuvaaja.com\/blogi\/wp-content\/uploads\/2013\/02\/leskenlehti-markus-kauppinen-02.jpg 640w, http:\/\/www.valonkuvaaja.com\/blogi\/wp-content\/uploads\/2013\/02\/leskenlehti-markus-kauppinen-02-300x199.jpg 300w\" sizes=\"auto, (max-width: 640px) 100vw, 640px\" \/><\/a><\/p>\n<p><a href=\"http:\/\/www.valonkuvaaja.com\/blogi\/wp-content\/uploads\/2013\/02\/leskenlehti-markus-kauppinen-03.jpg\"><img loading=\"lazy\" decoding=\"async\" class=\"aligncenter size-full wp-image-4591\" title=\"\" alt=\"Leskenlehti. Valokuvaaja: Markus Kauppinen\" src=\"http:\/\/www.valonkuvaaja.com\/blogi\/wp-content\/uploads\/2013\/02\/leskenlehti-markus-kauppinen-03.jpg\" width=\"640\" height=\"426\" srcset=\"http:\/\/www.valonkuvaaja.com\/blogi\/wp-content\/uploads\/2013\/02\/leskenlehti-markus-kauppinen-03.jpg 640w, http:\/\/www.valonkuvaaja.com\/blogi\/wp-content\/uploads\/2013\/02\/leskenlehti-markus-kauppinen-03-300x199.jpg 300w\" sizes=\"auto, (max-width: 640px) 100vw, 640px\" \/><\/a><\/p>\n<p><a href=\"http:\/\/www.valonkuvaaja.com\/blogi\/wp-content\/uploads\/2013\/02\/leskenlehti-markus-kauppinen-04.jpg\"><img loading=\"lazy\" decoding=\"async\" class=\"aligncenter size-full wp-image-4592\" title=\"\" alt=\"Leskenlehti. Valokuvaaja: Markus Kauppinen\" src=\"http:\/\/www.valonkuvaaja.com\/blogi\/wp-content\/uploads\/2013\/02\/leskenlehti-markus-kauppinen-04.jpg\" width=\"640\" height=\"425\" srcset=\"http:\/\/www.valonkuvaaja.com\/blogi\/wp-content\/uploads\/2013\/02\/leskenlehti-markus-kauppinen-04.jpg 640w, http:\/\/www.valonkuvaaja.com\/blogi\/wp-content\/uploads\/2013\/02\/leskenlehti-markus-kauppinen-04-300x199.jpg 300w\" sizes=\"auto, (max-width: 640px) 100vw, 640px\" \/><\/a><\/p>\n<p><a href=\"http:\/\/www.valonkuvaaja.com\/blogi\/wp-content\/uploads\/2013\/02\/leskenlehti-markus-kauppinen-05.jpg\"><img loading=\"lazy\" decoding=\"async\" class=\"aligncenter size-full wp-image-4593\" title=\"\" alt=\"Leskenlehti. Valokuvaaja: Markus Kauppinen\" src=\"http:\/\/www.valonkuvaaja.com\/blogi\/wp-content\/uploads\/2013\/02\/leskenlehti-markus-kauppinen-05.jpg\" width=\"640\" height=\"425\" srcset=\"http:\/\/www.valonkuvaaja.com\/blogi\/wp-content\/uploads\/2013\/02\/leskenlehti-markus-kauppinen-05.jpg 640w, http:\/\/www.valonkuvaaja.com\/blogi\/wp-content\/uploads\/2013\/02\/leskenlehti-markus-kauppinen-05-300x199.jpg 300w\" sizes=\"auto, (max-width: 640px) 100vw, 640px\" \/><\/a><\/p>\n<p><a href=\"http:\/\/www.valonkuvaaja.com\/blogi\/wp-content\/uploads\/2013\/02\/leskenlehti-markus-kauppinen-06.jpg\"><img loading=\"lazy\" decoding=\"async\" class=\"aligncenter size-full wp-image-4594\" title=\"\" alt=\"Leskenlehti. Valokuvaaja: Markus Kauppinen\" src=\"http:\/\/www.valonkuvaaja.com\/blogi\/wp-content\/uploads\/2013\/02\/leskenlehti-markus-kauppinen-06.jpg\" width=\"640\" height=\"424\" srcset=\"http:\/\/www.valonkuvaaja.com\/blogi\/wp-content\/uploads\/2013\/02\/leskenlehti-markus-kauppinen-06.jpg 640w, http:\/\/www.valonkuvaaja.com\/blogi\/wp-content\/uploads\/2013\/02\/leskenlehti-markus-kauppinen-06-300x198.jpg 300w\" sizes=\"auto, (max-width: 640px) 100vw, 640px\" \/><\/a><\/p>\n<p style=\"text-align: center;\"><a href=\"http:\/\/www.valonkuvaaja.com\/blogi\/wp-content\/uploads\/2013\/02\/leskenlehti-markus-kauppinen-07.jpg\"><img loading=\"lazy\" decoding=\"async\" class=\"aligncenter size-full wp-image-4595\" title=\"\" alt=\"Leskenlehti. Valokuvaaja: Markus Kauppinen\" src=\"http:\/\/www.valonkuvaaja.com\/blogi\/wp-content\/uploads\/2013\/02\/leskenlehti-markus-kauppinen-07.jpg\" width=\"640\" height=\"424\" srcset=\"http:\/\/www.valonkuvaaja.com\/blogi\/wp-content\/uploads\/2013\/02\/leskenlehti-markus-kauppinen-07.jpg 640w, http:\/\/www.valonkuvaaja.com\/blogi\/wp-content\/uploads\/2013\/02\/leskenlehti-markus-kauppinen-07-300x198.jpg 300w\" sizes=\"auto, (max-width: 640px) 100vw, 640px\" \/><\/a><strong>Markus Kauppinen &#8211; Valonkuvaaja<\/strong><\/p>\n<p style=\"text-align: center;\"><a href=\"http:\/\/www.valonkuvaaja.com\/kuvagalleria\" target=\"_blank\"><img decoding=\"async\" class=\"aligncenter\" title=\"Tervetuloa Valonkuvaajan kuvagalleriaan!\" alt=\"Tervetuloa Valonkuvaajan kuvagalleriaan!\" src=\"\/signeeraus_kuva.jpg\" \/><\/a><\/p>\n","protected":false},"excerpt":{"rendered":"<p>T\u00e4m\u00e4n kertaisessa valokuva julkaisussa p\u00e4\u00e4osissaon leskenlehdet (Tussilago farfara). T\u00e4m\u00e4 kev\u00e4\u00e4n iloinen merkki on nytkin hyvin ajankohtainen kasvi. Kuvat ovat otettu Pentax K100D ja K20D j\u00e4rjestelm\u00e4kameroilla. Objektiiveina olen k\u00e4ytt\u00e4nyt Pentaxin 18-55 ja Pentaxin 100mm macro linssej\u00e4. Markus Kauppinen &#8211; Valonkuvaaja<\/p>\n","protected":false},"author":1,"featured_media":0,"comment_status":"closed","ping_status":"closed","sticky":false,"template":"","format":"standard","meta":{"footnotes":""},"categories":[3,7],"tags":[1035,27,1036,1034,35,41,1076,590,1037,51,55],"class_list":["post-4588","post","type-post","status-publish","format-standard","hentry","category-blogit","category-valokuviani","tag-kevat","tag-kukka","tag-leskenlehdet","tag-leskenlehti","tag-markus-kauppinen","tag-pentax","tag-pentax-k100d","tag-pentax-k20d","tag-tussilago-farfara","tag-valokuva","tag-valokuvia"],"aioseo_notices":[],"_links":{"self":[{"href":"http:\/\/www.valonkuvaaja.com\/blogi\/wp-json\/wp\/v2\/posts\/4588","targetHints":{"allow":["GET"]}}],"collection":[{"href":"http:\/\/www.valonkuvaaja.com\/blogi\/wp-json\/wp\/v2\/posts"}],"about":[{"href":"http:\/\/www.valonkuvaaja.com\/blogi\/wp-json\/wp\/v2\/types\/post"}],"author":[{"embeddable":true,"href":"http:\/\/www.valonkuvaaja.com\/blogi\/wp-json\/wp\/v2\/users\/1"}],"replies":[{"embeddable":true,"href":"http:\/\/www.valonkuvaaja.com\/blogi\/wp-json\/wp\/v2\/comments?post=4588"}],"version-history":[{"count":7,"href":"http:\/\/www.valonkuvaaja.com\/blogi\/wp-json\/wp\/v2\/posts\/4588\/revisions"}],"predecessor-version":[{"id":5833,"href":"http:\/\/www.valonkuvaaja.com\/blogi\/wp-json\/wp\/v2\/posts\/4588\/revisions\/5833"}],"wp:attachment":[{"href":"http:\/\/www.valonkuvaaja.com\/blogi\/wp-json\/wp\/v2\/media?parent=4588"}],"wp:term":[{"taxonomy":"category","embeddable":true,"href":"http:\/\/www.valonkuvaaja.com\/blogi\/wp-json\/wp\/v2\/categories?post=4588"},{"taxonomy":"post_tag","embeddable":true,"href":"http:\/\/www.valonkuvaaja.com\/blogi\/wp-json\/wp\/v2\/tags?post=4588"}],"curies":[{"name":"wp","href":"https:\/\/api.w.org\/{rel}","templated":true}]}}