{"id":4519,"date":"2013-01-25T18:30:39","date_gmt":"2013-01-25T16:30:39","guid":{"rendered":"http:\/\/www.valonkuvaaja.com\/blogi\/?p=4519"},"modified":"2014-01-05T18:14:25","modified_gmt":"2014-01-05T16:14:25","slug":"frankenstein-kansallisteatterissa","status":"publish","type":"post","link":"http:\/\/www.valonkuvaaja.com\/blogi\/frankenstein-kansallisteatterissa","title":{"rendered":"Frankenstein Kansallisteatterissa"},"content":{"rendered":"<p>Viime vuoden lopulla onnetar oli suotuisa Kansallisteatterin j\u00e4rjest\u00e4m\u00e4ss\u00e4 kilpailussa ja voitin kaksi lippua Frankenstein n\u00e4ytelm\u00e4n ennakkon\u00e4yt\u00f6kseen.<\/p>\n<div style=\"width: 650px\" class=\"wp-caption alignnone\"><img loading=\"lazy\" decoding=\"async\" title=\"Frankenstein, Kansallisteatteri. - Kuvaaja: Stefan Bremer\" alt=\"Frankenstein, Kansallisteatteri. - Kuvaaja: Stefan Bremer\" src=\"http:\/\/farm9.staticflickr.com\/8495\/8341571122_a6d2c267b3_z.jpg\" width=\"640\" height=\"427\" \/><p class=\"wp-caption-text\">Frankenstein, Kansallisteatteri. &#8211; Kuvaaja: Stefan Bremer<\/p><\/div>\n<p>Ennakkon\u00e4yt\u00f6s oli t\u00e4m\u00e4n viikon maanantaina kello 19. Reissu Helsinkiin ja etenkin Kansallisteatteriin oli mielenkiintoinen monellakin tapaa. En ollut aiemmin k\u00e4ynyt Kansallisteatterissa, joten odotin innolla milt\u00e4 siell\u00e4 n\u00e4ytt\u00e4isi? Hieno rakennushan se on sis\u00e4lt\u00e4kin. Paljoa ei ehditty rakennuksessa kierrell\u00e4, mutta sen mit\u00e4 n\u00e4imme oli hienon n\u00e4k\u00f6ist\u00e4, vaikkakin osin jo kunnostuksen tarpeessa. Mahtipontisten elementtien lis\u00e4ksi rakennuksesta l\u00f6ytyi paljon yksityiskohtia. N\u00e4in intohimoisena valokuvaajana rakennuksessa voisi viett\u00e4\u00e4 p\u00e4iv\u00e4n jos toisenkin kameran kanssa, kuvattava ei kovin nopeasti kesken loppuisi! Ehk\u00e4p\u00e4 tuollainenkin projekti jossain vaiheessa tulee toteutettua.<\/p>\n<div style=\"width: 650px\" class=\"wp-caption alignnone\"><img loading=\"lazy\" decoding=\"async\" title=\"Frankenstein, Kansallisteatteri. - Kuvaaja: Stefan Bremer\" alt=\"Frankenstein, Kansallisteatteri. - Kuvaaja: Stefan Bremer\" src=\"http:\/\/farm9.staticflickr.com\/8507\/8390873803_e8ac0a76e9_z.jpg\" width=\"640\" height=\"427\" \/><p class=\"wp-caption-text\">Frankenstein, Kansallisteatteri. &#8211; Kuvaaja: Stefan Bremer<\/p><\/div>\n<p><strong>Frankenstein n\u00e4ytelm\u00e4 oli visuaalisesti varmasti yksi hienoimmista teatteriesityksist\u00e4<\/strong>, ellei hienoin, mink\u00e4 olen n\u00e4hnyt. Etenkin ensimm\u00e4inen puoliaika oli toteutettu n\u00e4ytt\u00e4v\u00e4sti! Yleistunnelma ja maisemat olivat hyvin tumman puhuvat. Musiikki oli sopivan mahtipontista ja tultakin riitti.<\/p>\n<p>Toisella puoliskolla siirryttiin visuaalisesti huomattavasti harmaampaan ja kylmemp\u00e4\u00e4n maailmaan. Hienointa oli valoilla ja varjoilla tehdyt efektit sek\u00e4 j\u00e4rk\u00e4lem\u00e4inen keskiaikainen linna.<\/p>\n<div style=\"width: 650px\" class=\"wp-caption alignnone\"><img loading=\"lazy\" decoding=\"async\" title=\"Frankenstein, Kansallisteatteri. - Kuvaaja: Stefan Bremer\" alt=\"Frankenstein, Kansallisteatteri. - Kuvaaja: Stefan Bremer\" src=\"http:\/\/farm9.staticflickr.com\/8232\/8390867491_01caf35336_z.jpg\" width=\"640\" height=\"427\" \/><p class=\"wp-caption-text\">Frankenstein, Kansallisteatteri. &#8211; Kuvaaja: Stefan Bremer<\/p><\/div>\n<p>Tarina on monille tuttu, joten sen puolesta ei suuria yll\u00e4tyksi\u00e4 tullut. Lis\u00e4ksi n\u00e4yttelij\u00f6ill\u00e4 oli ainakin aluksi vaikeuksia p\u00e4\u00e4st\u00e4 tarinaan uskottavasti sis\u00e4\u00e4n. Esityksen edetess\u00e4 t\u00e4m\u00e4 asia parani.<\/p>\n<dl class=\"wp-caption \" id=\"\" style=\"width: 650px;\">\n<dt class=\"wp-caption-dt\"><img loading=\"lazy\" decoding=\"async\" title=\"Frankenstein, Kansallisteatteri. - Kuvaaja: Stefan Bremer\" alt=\"Frankenstein, Kansallisteatteri. - Kuvaaja: Stefan Bremer\" src=\"http:\/\/farm9.staticflickr.com\/8087\/8391962674_83a0fa044a_z.jpg\" width=\"640\" height=\"427\" \/><\/dt>\n<\/dl>\n<p>Esityksest\u00e4 on vaikea antaa yleisarvosanaa. Visuaalisesti hieno esitys ja tarinan \/ n\u00e4yttelyn osalta hyv\u00e4 esitys. Joten 7+ lienee noilla kriteereill\u00e4 aika oikea arvosana kokonaisuudesta. Ehdottomasti kuitenkin n\u00e4kemisen arvoinen kokonaisuus!<\/p>\n<p><strong>Lis\u00e4\u00e4 n\u00e4ytelm\u00e4st\u00e4 voit k\u00e4yd\u00e4 lukemassa Kansallisterin verkkosivuilta osoitteesta:<\/strong> <a href=\"http:\/\/www.kansallisteatteri.fi\/esitykset\/frankenstein\/\" target=\"_blank\">http:\/\/www.kansallisteatteri.fi\/esitykset\/frankenstein<\/a>.<\/p>\n<p><strong>Valokuvia esityksest\u00e4 l\u00f6yd\u00e4t Kansallisteatterin Flickr tililt\u00e4 osoitteesta:<\/strong> <a href=\"http:\/\/www.flickr.com\/photos\/kansallisteatteri\/sets\/72157631835603838\/with\/8391987126\/\" target=\"_blank\">http:\/\/www.flickr.com\/photos\/kansallisteatteri\/sets\/72157631835603838\/with\/8391987126h<\/a>.<\/p>\n<p style=\"text-align: center;\"><strong>Markus Kauppinen &#8211; Valonkuvaaja<\/strong><\/p>\n<p style=\"text-align: center;\"><a href=\"http:\/\/www.valonkuvaaja.com\/kuvagalleria\" target=\"_blank\" ><img decoding=\"async\" class=\"aligncenter\" src=\"\/signeeraus_kuva.jpg\" title=\"Tervetuloa Valonkuvaajan kuvagalleriaan!\" alt=\"Tervetuloa Valonkuvaajan kuvagalleriaan!\" \/><\/a><\/p>\n","protected":false},"excerpt":{"rendered":"<p>Viime vuoden lopulla onnetar oli suotuisa Kansallisteatterin j\u00e4rjest\u00e4m\u00e4ss\u00e4 kilpailussa ja voitin kaksi lippua Frankenstein n\u00e4ytelm\u00e4n ennakkon\u00e4yt\u00f6kseen. Ennakkon\u00e4yt\u00f6s oli t\u00e4m\u00e4n viikon maanantaina kello 19. Reissu Helsinkiin ja etenkin Kansallisteatteriin oli mielenkiintoinen monellakin tapaa. En ollut aiemmin k\u00e4ynyt Kansallisteatterissa, joten odotin innolla &hellip; <a href=\"http:\/\/www.valonkuvaaja.com\/blogi\/frankenstein-kansallisteatterissa\">Lue loppuun <span class=\"meta-nav\">&rarr;<\/span><\/a><\/p>\n","protected":false},"author":1,"featured_media":0,"comment_status":"closed","ping_status":"closed","sticky":false,"template":"","format":"standard","meta":{"footnotes":""},"categories":[3,8],"tags":[330,1018,524,1017,35,1020,1022,1021],"class_list":["post-4519","post","type-post","status-publish","format-standard","hentry","category-blogit","category-viimeisimmat","tag-esitys","tag-frankenstein","tag-helsinki","tag-kansallisteatteri","tag-markus-kauppinen","tag-naytelma","tag-stefan-bremer","tag-teatteri"],"aioseo_notices":[],"_links":{"self":[{"href":"http:\/\/www.valonkuvaaja.com\/blogi\/wp-json\/wp\/v2\/posts\/4519","targetHints":{"allow":["GET"]}}],"collection":[{"href":"http:\/\/www.valonkuvaaja.com\/blogi\/wp-json\/wp\/v2\/posts"}],"about":[{"href":"http:\/\/www.valonkuvaaja.com\/blogi\/wp-json\/wp\/v2\/types\/post"}],"author":[{"embeddable":true,"href":"http:\/\/www.valonkuvaaja.com\/blogi\/wp-json\/wp\/v2\/users\/1"}],"replies":[{"embeddable":true,"href":"http:\/\/www.valonkuvaaja.com\/blogi\/wp-json\/wp\/v2\/comments?post=4519"}],"version-history":[{"count":7,"href":"http:\/\/www.valonkuvaaja.com\/blogi\/wp-json\/wp\/v2\/posts\/4519\/revisions"}],"predecessor-version":[{"id":5870,"href":"http:\/\/www.valonkuvaaja.com\/blogi\/wp-json\/wp\/v2\/posts\/4519\/revisions\/5870"}],"wp:attachment":[{"href":"http:\/\/www.valonkuvaaja.com\/blogi\/wp-json\/wp\/v2\/media?parent=4519"}],"wp:term":[{"taxonomy":"category","embeddable":true,"href":"http:\/\/www.valonkuvaaja.com\/blogi\/wp-json\/wp\/v2\/categories?post=4519"},{"taxonomy":"post_tag","embeddable":true,"href":"http:\/\/www.valonkuvaaja.com\/blogi\/wp-json\/wp\/v2\/tags?post=4519"}],"curies":[{"name":"wp","href":"https:\/\/api.w.org\/{rel}","templated":true}]}}