{"id":4512,"date":"2013-01-27T16:00:08","date_gmt":"2013-01-27T14:00:08","guid":{"rendered":"http:\/\/www.valonkuvaaja.com\/blogi\/?p=4512"},"modified":"2014-01-05T18:13:57","modified_gmt":"2014-01-05T16:13:57","slug":"viikkoblogi-frankenstein-google-analytics","status":"publish","type":"post","link":"http:\/\/www.valonkuvaaja.com\/blogi\/viikkoblogi-frankenstein-google-analytics","title":{"rendered":"Viikkoblogi: Frankenstein, Google Analytics"},"content":{"rendered":"<p><img loading=\"lazy\" decoding=\"async\" class=\"alignleft\" alt=\"H\u00e4meenkylm\u00e4kukkia - Markus Kauppinen\" src=\"http:\/\/farm9.staticflickr.com\/8154\/7189558786_556426a693_m.jpg\" width=\"240\" height=\"159\" \/>Nelj\u00e4n viikko t\u00e4st\u00e4 vuodesta alkaa olemaan kohta pulkassa. Onkin aika tehd\u00e4 viikosta lyhyt tiivistys.<\/p>\n<p>S\u00e4\u00e4 on aina hyv\u00e4 aihe ja niin nytkin. Viikko mentiin talvisissa oloissa. Pakkasta riitti, mutta onneksi my\u00f6s paljon aurinkoisiakin hetki\u00e4 oli vaikkakin loppu viikkoa kohti pilvistyikin.<\/p>\n<p><strong>Viikolla julkaisin vuoden 2012 Google Analytics tilastoja<\/strong> niin <a href=\"http:\/\/www.valonkuvaaja.com\/blogi\/valonkuvaaja-com-tilastot-2012-google-analytics\" target=\"_blank\">Valonkuvaaja.com p\u00e4\u00e4sivustosta<\/a> kuin t\u00e4st\u00e4 <a href=\"http:\/\/www.valonkuvaaja.com\/blogi\/valonkuvaajan-blogin-tilastot-2012-google-analytics\" target=\"_blank\">Valonkuvaajan blogista<\/a>. Sivuston kehitys viime vuonna oli tilastoissa mitattuna hyvinkin positiivista.<\/p>\n<p><strong>T\u00e4ll\u00e4 viikolla maailman piti kirkastu<\/strong> yleisesti ottaen edess\u00e4ni (tai ainakin ter\u00e4v\u00f6ity\u00e4) kuluneella viikolla. Toisin kuitenkin valitettavasti k\u00e4vi. Nimitt\u00e4in muutama viikko sitten tilaamani silm\u00e4lasit saapuivat viikolla. Menin sitten noutamaan niit\u00e4 loppu viikosta. Aikansa optikko yritti v\u00e4\u00e4nnell\u00e4 laseja sopiviksi, muttei onnistunut siin\u00e4. Lopulta h\u00e4n irrotti linssit kehyksist\u00e4 ja totesi, ett\u00e4 linssit on tehty liian isoiksi kehyksiin. Joten lasit l\u00e4hti palautukseen ja uusien luvattiin tulevan puolentoista viikon aikana. Toivottavasti silloin kaikki on kunnossa ja n\u00e4in maailmalla tulisi taas ter\u00e4v\u00e4mm\u00e4ksi.<\/p>\n<p><strong>Vuodenluontokuva kisan<\/strong> viimeinen osallistumisp\u00e4iv\u00e4 on huomenna 28.1. Viime tippaan meni omakin osallistumiseni, mutta nyt on 16 kuvaa kisassa mukana. Olisi todella hienoa, jos jokin kuvistani sijoittuisi t\u00e4n\u00e4 vuonna. Suurimmat odotukseni ovat sarjassa <em>Muut el\u00e4imet<\/em>. Tietoa menestymisest\u00e4 pit\u00e4\u00e4 odottaa pitk\u00e4lle kev\u00e4\u00e4seen ja jos on palkittujen mukana niin silloin taitaa odotus jatkua kes\u00e4kuulle asti. Sen j\u00e4lkeen pit\u00e4isi sitten el\u00e4\u00e4 tiedon kanssa hiljaa aina lokakuun lopulle asti. Tosin jos noin hieno sijoitus joskus tuossa kisassa tulisi niin kyll\u00e4 sen vuoksi voisi hiljaa olla pidemp\u00e4\u00e4nkin.<\/p>\n<p><strong>Viikon kulttuuriannoksesta vastasi Kansallisteatterin esitt\u00e4m\u00e4 Frankenstein<\/strong> n\u00e4ytelm\u00e4, josta kirjoittamani jutun voit k\u00e4yd\u00e4 lukemassa osoitteesta <a href=\"http:\/\/www.valonkuvaaja.com\/blogi\/frankenstein-kansallisteatterissa\" target=\"_blank\">http:\/\/www.valonkuvaaja.com\/blogi\/frankenstein-kansallisteatterissa<\/a>.<\/p>\n<p style=\"text-align: center;\"><strong>Markus Kauppinen &#8211; Valonkuvaaja<\/strong><\/p>\n<p style=\"text-align: center;\"><a href=\"http:\/\/www.valonkuvaaja.com\/kuvagalleria\" target=\"_blank\" ><img decoding=\"async\" class=\"aligncenter\" src=\"\/signeeraus_kuva.jpg\" title=\"Tervetuloa Valonkuvaajan kuvagalleriaan!\" alt=\"Tervetuloa Valonkuvaajan kuvagalleriaan!\" \/><\/a><\/p>\n","protected":false},"excerpt":{"rendered":"<p>Nelj\u00e4n viikko t\u00e4st\u00e4 vuodesta alkaa olemaan kohta pulkassa. Onkin aika tehd\u00e4 viikosta lyhyt tiivistys. S\u00e4\u00e4 on aina hyv\u00e4 aihe ja niin nytkin. Viikko mentiin talvisissa oloissa. Pakkasta riitti, mutta onneksi my\u00f6s paljon aurinkoisiakin hetki\u00e4 oli vaikkakin loppu viikkoa kohti pilvistyikin. &hellip; <a href=\"http:\/\/www.valonkuvaaja.com\/blogi\/viikkoblogi-frankenstein-google-analytics\">Lue loppuun <span class=\"meta-nav\">&rarr;<\/span><\/a><\/p>\n","protected":false},"author":1,"featured_media":0,"comment_status":"closed","ping_status":"closed","sticky":false,"template":"","format":"standard","meta":{"footnotes":""},"categories":[3,8],"tags":[1018,1017,35,1019,974],"class_list":["post-4512","post","type-post","status-publish","format-standard","hentry","category-blogit","category-viimeisimmat","tag-frankenstein","tag-kansallisteatteri","tag-markus-kauppinen","tag-silmalasit","tag-viikkoblogi"],"aioseo_notices":[],"_links":{"self":[{"href":"http:\/\/www.valonkuvaaja.com\/blogi\/wp-json\/wp\/v2\/posts\/4512","targetHints":{"allow":["GET"]}}],"collection":[{"href":"http:\/\/www.valonkuvaaja.com\/blogi\/wp-json\/wp\/v2\/posts"}],"about":[{"href":"http:\/\/www.valonkuvaaja.com\/blogi\/wp-json\/wp\/v2\/types\/post"}],"author":[{"embeddable":true,"href":"http:\/\/www.valonkuvaaja.com\/blogi\/wp-json\/wp\/v2\/users\/1"}],"replies":[{"embeddable":true,"href":"http:\/\/www.valonkuvaaja.com\/blogi\/wp-json\/wp\/v2\/comments?post=4512"}],"version-history":[{"count":12,"href":"http:\/\/www.valonkuvaaja.com\/blogi\/wp-json\/wp\/v2\/posts\/4512\/revisions"}],"predecessor-version":[{"id":5869,"href":"http:\/\/www.valonkuvaaja.com\/blogi\/wp-json\/wp\/v2\/posts\/4512\/revisions\/5869"}],"wp:attachment":[{"href":"http:\/\/www.valonkuvaaja.com\/blogi\/wp-json\/wp\/v2\/media?parent=4512"}],"wp:term":[{"taxonomy":"category","embeddable":true,"href":"http:\/\/www.valonkuvaaja.com\/blogi\/wp-json\/wp\/v2\/categories?post=4512"},{"taxonomy":"post_tag","embeddable":true,"href":"http:\/\/www.valonkuvaaja.com\/blogi\/wp-json\/wp\/v2\/tags?post=4512"}],"curies":[{"name":"wp","href":"https:\/\/api.w.org\/{rel}","templated":true}]}}