{"id":3617,"date":"2013-06-09T15:00:08","date_gmt":"2013-06-09T12:00:08","guid":{"rendered":"http:\/\/www.valonkuvaaja.com\/blogi\/?p=3617"},"modified":"2014-01-05T17:40:56","modified_gmt":"2014-01-05T15:40:56","slug":"valokuvia-2005-heinakuun-ruisrockista-perjantailta","status":"publish","type":"post","link":"http:\/\/www.valonkuvaaja.com\/blogi\/valokuvia-2005-heinakuun-ruisrockista-perjantailta","title":{"rendered":"Valokuvia 2005 hein\u00e4kuun Ruisrockista perjantailta"},"content":{"rendered":"<p>Tiedostamattani n\u00e4ytt\u00e4 t\u00e4st\u00e4 vuodesta tulevan jollain tasolla vanhojen tapahtumien muistelointia. Huhtikuussa julkaisin ottamiani valokuvia <a href=\"http:\/\/www.valonkuvaaja.com\/blogi\/hpkn-suomen-mestaruusjuhlat-2006\" target=\"_blank\">HPK Suomen mestaruusjuhlista 2006<\/a> ja nyt suunnataan ajassa viel\u00e4kin taaksep\u00e4in.<\/p>\n<p>Hein\u00e4kuussa 2005 k\u00e4vin ensimm\u00e4ist\u00e4 kertaa isoilla festivaaleilla ja kyseess\u00e4 oli Turun Ruissalossa pidett\u00e4v\u00e4 Ruisrock. Massiivinen ja mielenkiintoinen Rammstein oli yksi p\u00e4\u00e4syy festareille menoon.<\/p>\n<p>Lippujen hankinta meni mielenkiintoiseksi. P\u00e4\u00e4t\u00f6s festareille menosta tehtiin viimeisell\u00e4 viikolla ja niinp\u00e4 festarit olivatkin jo k\u00e4yt\u00e4nn\u00f6ss\u00e4 loppuun myydyt. Saimme kuitenkin tarvitsemamme 2 kolmen p\u00e4iv\u00e4n lippua kiertoteitse yst\u00e4v\u00e4mme hankkimana Helsingist\u00e4 k\u00e4sin.<\/p>\n<p>Ruisrock oli hieno kokemus! S\u00e4\u00e4 suosi perjantain ukkosta lukuun ottamatta. Musiikki kattaus oli hyv\u00e4 ja kanssa ihmisill\u00e4 hyv\u00e4 mieli. Joskus voisi menn\u00e4 kyseisille kekkereille uudestaankin, mutta saapa n\u00e4hd\u00e4 milloin se tapahtuu.<\/p>\n<p>Nyt julkaisen ottamiani valokuvia perjantailta. Ensi viikolla on vuorossa sitten lauantain tapahtumat ja sitten siit\u00e4 viikon p\u00e4\u00e4st\u00e4 eli kahden viikon kuluttua kuvia sunnuntailta.<\/p>\n<p style=\"text-align: center;\">\u00a0<img loading=\"lazy\" decoding=\"async\" class=\"aligncenter\" alt=\"Ruisrock 2005 perjantai\" src=\"http:\/\/farm6.staticflickr.com\/5038\/5904403556_9cd9d0ae6d_z.jpg\" width=\"640\" height=\"482\" \/><\/p>\n<p style=\"text-align: center;\"><img loading=\"lazy\" decoding=\"async\" class=\"aligncenter\" alt=\"Ruisrock 2005 perjantai\" src=\"http:\/\/farm7.staticflickr.com\/6029\/5903844687_77e1b61e76_z.jpg\" width=\"640\" height=\"482\" \/><\/p>\n<div style=\"width: 650px\" class=\"wp-caption alignnone\"><img loading=\"lazy\" decoding=\"async\" alt=\"Ruisrock 2005 perjantai - Fantomas\" src=\"http:\/\/farm7.staticflickr.com\/6050\/5904404432_038d6859d5_z.jpg\" width=\"640\" height=\"482\" \/><p class=\"wp-caption-text\">Ruisrock 2005 perjantai &#8211; Fantomas<\/p><\/div>\n<div style=\"width: 650px\" class=\"wp-caption aligncenter\"><img loading=\"lazy\" decoding=\"async\" alt=\"Ruisrock 2005 perjantai - Fantomas\" src=\"http:\/\/farm6.staticflickr.com\/5155\/5904404782_3b68840100_z.jpg\" width=\"640\" height=\"481\" \/><p class=\"wp-caption-text\">Ruisrock 2005 perjantai &#8211; Fantomas<\/p><\/div>\n<div style=\"width: 650px\" class=\"wp-caption aligncenter\"><img loading=\"lazy\" decoding=\"async\" alt=\"Ruisrock 2005 perjantai - Fantomas\" src=\"http:\/\/farm7.staticflickr.com\/6044\/5903845921_11775e4e8d_z.jpg\" width=\"640\" height=\"482\" \/><p class=\"wp-caption-text\">Ruisrock 2005 perjantai &#8211; Fantomas<\/p><\/div>\n<div style=\"width: 492px\" class=\"wp-caption aligncenter\"><img loading=\"lazy\" decoding=\"async\" alt=\"Ruisrock 2005 perjantai - Fantomas\" src=\"http:\/\/farm7.staticflickr.com\/6003\/5904405254_ab6267f4eb_z.jpg\" width=\"482\" height=\"640\" \/><p class=\"wp-caption-text\">Ruisrock 2005 perjantai &#8211; Fantomas<\/p><\/div>\n<div style=\"width: 650px\" class=\"wp-caption aligncenter\"><img loading=\"lazy\" decoding=\"async\" title=\"Ruisrock 2005 perjantai - Children of Bodom\" alt=\"Ruisrock 2005 perjantai - Children of Bodom\" src=\"http:\/\/farm6.staticflickr.com\/5280\/5903846321_df5c54a475_z.jpg\" width=\"640\" height=\"482\" \/><p class=\"wp-caption-text\">Ruisrock 2005 perjantai &#8211; Children of Bodom<\/p><\/div>\n<div style=\"width: 650px\" class=\"wp-caption aligncenter\"><img loading=\"lazy\" decoding=\"async\" alt=\"Ruisrock 2005 perjantai - Rammstein\" src=\"http:\/\/farm7.staticflickr.com\/6031\/5903846549_618aea7380_z.jpg\" width=\"640\" height=\"289\" \/><p class=\"wp-caption-text\">Ruisrock 2005 perjantai &#8211; Rammstein<\/p><\/div>\n<div style=\"width: 650px\" class=\"wp-caption aligncenter\"><img loading=\"lazy\" decoding=\"async\" alt=\"Ruisrock 2005 perjantai - Rammstein\" src=\"http:\/\/farm7.staticflickr.com\/6009\/5903847451_6c36017ecc_z.jpg\" width=\"640\" height=\"482\" \/><p class=\"wp-caption-text\">Ruisrock 2005 perjantai &#8211; Rammstein<\/p><\/div>\n<div style=\"width: 650px\" class=\"wp-caption aligncenter\"><img loading=\"lazy\" decoding=\"async\" alt=\"Ruisrock 2005 perjantai - Rammstein\" src=\"http:\/\/farm7.staticflickr.com\/6012\/5904406924_f2574d786f_z.jpg\" width=\"640\" height=\"480\" \/><p class=\"wp-caption-text\">Ruisrock 2005 perjantai &#8211; Rammstein<\/p><\/div>\n<div style=\"width: 650px\" class=\"wp-caption aligncenter\"><img loading=\"lazy\" decoding=\"async\" alt=\"Ruisrock 2005 perjantai - Rammstein\" src=\"http:\/\/farm7.staticflickr.com\/6028\/5903848343_b86aec5cf8_z.jpg\" width=\"640\" height=\"482\" \/><p class=\"wp-caption-text\">Ruisrock 2005 perjantai &#8211; Rammstein<\/p><\/div>\n<div style=\"width: 650px\" class=\"wp-caption aligncenter\"><img loading=\"lazy\" decoding=\"async\" alt=\"Ruisrock 2005 perjantai - Rammstein\" src=\"http:\/\/farm7.staticflickr.com\/6099\/5904408498_f92f11b45a_z.jpg\" width=\"640\" height=\"306\" \/><p class=\"wp-caption-text\">Ruisrock 2005 perjantai &#8211; Rammstein<\/p><\/div>\n<div style=\"width: 650px\" class=\"wp-caption alignnone\"><img loading=\"lazy\" decoding=\"async\" alt=\"Ruisrock 2005 perjantai - Rammstein\" src=\"http:\/\/farm7.staticflickr.com\/6006\/5903850155_c33d08113c_z.jpg\" width=\"640\" height=\"482\" \/><p class=\"wp-caption-text\">Ruisrock 2005 perjantai &#8211; Rammstein<\/p><\/div>\n<div style=\"width: 560px\" class=\"wp-caption aligncenter\"><img loading=\"lazy\" decoding=\"async\" alt=\"Ruisrock 2005 perjantai - Rammstein\" src=\"http:\/\/farm7.staticflickr.com\/6008\/5903851759_2fc0f5f95c_z.jpg\" width=\"550\" height=\"640\" \/><p class=\"wp-caption-text\">Ruisrock 2005 perjantai &#8211; Rammstein<\/p><\/div>\n<div style=\"width: 650px\" class=\"wp-caption aligncenter\"><img loading=\"lazy\" decoding=\"async\" alt=\"Ruisrock 2005 perjantai - Rammstein\" src=\"http:\/\/farm6.staticflickr.com\/5160\/5904410974_b5b6a007b7_z.jpg\" width=\"640\" height=\"470\" \/><p class=\"wp-caption-text\">Ruisrock 2005 perjantai &#8211; Rammstein<\/p><\/div>\n<div style=\"width: 650px\" class=\"wp-caption aligncenter\"><img loading=\"lazy\" decoding=\"async\" alt=\"Ruisrock 2005 perjantai - Rammstein\" src=\"http:\/\/farm6.staticflickr.com\/5276\/5904411182_c7e980e303_z.jpg\" width=\"640\" height=\"374\" \/><p class=\"wp-caption-text\">Ruisrock 2005 perjantai &#8211; Rammstein<\/p><\/div>\n<div style=\"width: 650px\" class=\"wp-caption aligncenter\"><img loading=\"lazy\" decoding=\"async\" alt=\"Ruisrock 2005 perjantai - Rammstein\" src=\"http:\/\/farm6.staticflickr.com\/5073\/5904411398_d8e0bba661_z.jpg\" width=\"640\" height=\"369\" \/><p class=\"wp-caption-text\">Ruisrock 2005 perjantai &#8211; Rammstein<\/p><\/div>\n<div style=\"width: 650px\" class=\"wp-caption aligncenter\"><img loading=\"lazy\" decoding=\"async\" alt=\"Ruisrock 2005 perjantai - Rammstein\" src=\"http:\/\/farm6.staticflickr.com\/5034\/5903852647_b5421e4415_z.jpg\" width=\"640\" height=\"482\" \/><p class=\"wp-caption-text\">Ruisrock 2005 perjantai &#8211; Rammstein<\/p><\/div>\n<div style=\"width: 564px\" class=\"wp-caption aligncenter\"><img loading=\"lazy\" decoding=\"async\" alt=\"Ruisrock 2005 perjantai - Rammstein\" src=\"http:\/\/farm7.staticflickr.com\/6047\/5903853023_1faba2dde3_z.jpg\" width=\"554\" height=\"640\" \/><p class=\"wp-caption-text\">Ruisrock 2005 perjantai &#8211; Rammstein<\/p><\/div>\n<div style=\"width: 650px\" class=\"wp-caption aligncenter\"><img loading=\"lazy\" decoding=\"async\" alt=\"Ruisrock 2005 perjantai - Rammstein\" src=\"http:\/\/farm6.staticflickr.com\/5036\/5903853253_8951675e81_z.jpg\" width=\"640\" height=\"482\" \/><p class=\"wp-caption-text\">Ruisrock 2005 perjantai &#8211; Rammstein<\/p><\/div>\n<div style=\"width: 650px\" class=\"wp-caption aligncenter\"><img loading=\"lazy\" decoding=\"async\" alt=\"Ruisrock 2005 perjantai - Rammstein\" src=\"http:\/\/farm7.staticflickr.com\/6004\/5903854139_0ed7ffb712_z.jpg\" width=\"640\" height=\"482\" \/><p class=\"wp-caption-text\">Ruisrock 2005 perjantai &#8211; Rammstein<\/p><\/div>\n<p style=\"text-align: center;\"><strong>Markus Kauppinen &#8211; Valonkuvaaja<\/strong><\/p>\n<p style=\"text-align: center;\"><a href=\"http:\/\/www.valonkuvaaja.com\/kuvagalleria\" target=\"_blank\" ><img decoding=\"async\" class=\"aligncenter\" src=\"\/signeeraus_kuva.jpg\" title=\"Tervetuloa Valonkuvaajan kuvagalleriaan!\" alt=\"Tervetuloa Valonkuvaajan kuvagalleriaan!\" \/><\/a><\/p>\n","protected":false},"excerpt":{"rendered":"<p>Tiedostamattani n\u00e4ytt\u00e4 t\u00e4st\u00e4 vuodesta tulevan jollain tasolla vanhojen tapahtumien muistelointia. Huhtikuussa julkaisin ottamiani valokuvia HPK Suomen mestaruusjuhlista 2006 ja nyt suunnataan ajassa viel\u00e4kin taaksep\u00e4in. Hein\u00e4kuussa 2005 k\u00e4vin ensimm\u00e4ist\u00e4 kertaa isoilla festivaaleilla ja kyseess\u00e4 oli Turun Ruissalossa pidett\u00e4v\u00e4 Ruisrock. Massiivinen ja &hellip; <a href=\"http:\/\/www.valonkuvaaja.com\/blogi\/valokuvia-2005-heinakuun-ruisrockista-perjantailta\">Lue loppuun <span class=\"meta-nav\">&rarr;<\/span><\/a><\/p>\n","protected":false},"author":1,"featured_media":0,"comment_status":"closed","ping_status":"closed","sticky":false,"template":"","format":"standard","meta":{"footnotes":""},"categories":[3,7,8],"tags":[522,523,802,249,248,742,35,521,520,223,519,704,229,803,801,518,800],"class_list":["post-3617","post","type-post","status-publish","format-standard","hentry","category-blogit","category-valokuviani","category-viimeisimmat","tag-christian-lorenz","tag-christoph-schneider","tag-fantomas","tag-festarit","tag-festivaalit","tag-hevi","tag-markus-kauppinen","tag-oliver-riedel","tag-paul-landers","tag-rammstein","tag-richard-kruspe","tag-rock","tag-ruisrock","tag-ruisrock-2005","tag-ruissalo","tag-till-lindemann","tag-turku"],"aioseo_notices":[],"_links":{"self":[{"href":"http:\/\/www.valonkuvaaja.com\/blogi\/wp-json\/wp\/v2\/posts\/3617","targetHints":{"allow":["GET"]}}],"collection":[{"href":"http:\/\/www.valonkuvaaja.com\/blogi\/wp-json\/wp\/v2\/posts"}],"about":[{"href":"http:\/\/www.valonkuvaaja.com\/blogi\/wp-json\/wp\/v2\/types\/post"}],"author":[{"embeddable":true,"href":"http:\/\/www.valonkuvaaja.com\/blogi\/wp-json\/wp\/v2\/users\/1"}],"replies":[{"embeddable":true,"href":"http:\/\/www.valonkuvaaja.com\/blogi\/wp-json\/wp\/v2\/comments?post=3617"}],"version-history":[{"count":9,"href":"http:\/\/www.valonkuvaaja.com\/blogi\/wp-json\/wp\/v2\/posts\/3617\/revisions"}],"predecessor-version":[{"id":5796,"href":"http:\/\/www.valonkuvaaja.com\/blogi\/wp-json\/wp\/v2\/posts\/3617\/revisions\/5796"}],"wp:attachment":[{"href":"http:\/\/www.valonkuvaaja.com\/blogi\/wp-json\/wp\/v2\/media?parent=3617"}],"wp:term":[{"taxonomy":"category","embeddable":true,"href":"http:\/\/www.valonkuvaaja.com\/blogi\/wp-json\/wp\/v2\/categories?post=3617"},{"taxonomy":"post_tag","embeddable":true,"href":"http:\/\/www.valonkuvaaja.com\/blogi\/wp-json\/wp\/v2\/tags?post=3617"}],"curies":[{"name":"wp","href":"https:\/\/api.w.org\/{rel}","templated":true}]}}