{"id":3580,"date":"2013-02-10T15:00:09","date_gmt":"2013-02-10T12:00:09","guid":{"rendered":"http:\/\/www.valonkuvaaja.com\/blogi\/?p=3580"},"modified":"2014-01-05T18:09:55","modified_gmt":"2014-01-05T16:09:55","slug":"valokuvia-talvisesta-porvoon-emasalosta","status":"publish","type":"post","link":"http:\/\/www.valonkuvaaja.com\/blogi\/valokuvia-talvisesta-porvoon-emasalosta","title":{"rendered":"Valokuvia talvisesta Porvoon Em\u00e4salosta"},"content":{"rendered":"<p>T\u00e4m\u00e4n kerran valokuvat ovat otettu Porvoon Em\u00e4salosta ja talvisista tunnelmista. Kuvat on otettu maaliskuussa 2010. P\u00e4iv\u00e4 oli kylm\u00e4 ja tuulinen.<\/p>\n<p>Kuvat on otettu Pentax K20D j\u00e4rjestelm\u00e4kameralla. Objektiivina k\u00e4ytin Pentax DA* 16-50mm linssi\u00e4.<\/p>\n<p style=\"text-align: center;\"><img loading=\"lazy\" decoding=\"async\" class=\"aligncenter\" src=\"http:\/\/farm6.staticflickr.com\/5192\/5897229924_f6d618ae2d_z.jpg\" alt=\"Em\u00e4salo - Emsal\u00f6\" width=\"640\" height=\"426\" \/><\/p>\n<p style=\"text-align: center;\"><img loading=\"lazy\" decoding=\"async\" class=\"aligncenter\" src=\"http:\/\/farm6.staticflickr.com\/5112\/5896670599_2c546d7c58_z.jpg\" alt=\"Em\u00e4salo - Emsal\u00f6\" width=\"640\" height=\"425\" \/><\/p>\n<p style=\"text-align: center;\"><img loading=\"lazy\" decoding=\"async\" class=\"aligncenter\" src=\"http:\/\/farm6.staticflickr.com\/5036\/5896660701_a867fdefe2_z.jpg\" alt=\"Em\u00e4salo - Emsal\u00f6\" width=\"640\" height=\"386\" \/><\/p>\n<p style=\"text-align: center;\"><img loading=\"lazy\" decoding=\"async\" class=\"aligncenter\" src=\"http:\/\/farm7.staticflickr.com\/6058\/5896660243_74a6b73e8e_z.jpg\" alt=\"Em\u00e4salo - Emsal\u00f6\" width=\"423\" height=\"640\" \/><\/p>\n<p style=\"text-align: center;\"><img loading=\"lazy\" decoding=\"async\" class=\"aligncenter\" src=\"http:\/\/farm6.staticflickr.com\/5310\/5896665527_9fe27ebbff_z.jpg\" alt=\"Em\u00e4salo - Emsal\u00f6\" width=\"640\" height=\"155\" \/><\/p>\n<p style=\"text-align: center;\"><img loading=\"lazy\" decoding=\"async\" class=\"aligncenter\" src=\"http:\/\/farm7.staticflickr.com\/6005\/5896668625_b6443e7d3d_z.jpg\" alt=\"Em\u00e4salo - Emsal\u00f6\" width=\"421\" height=\"640\" \/><\/p>\n<p style=\"text-align: center;\"><img loading=\"lazy\" decoding=\"async\" class=\"aligncenter\" src=\"http:\/\/farm6.staticflickr.com\/5319\/5897238850_b24a4a99a0_z.jpg\" alt=\"Em\u00e4salo - Emsal\u00f6\" width=\"640\" height=\"318\" \/><\/p>\n<p style=\"text-align: center;\"><img loading=\"lazy\" decoding=\"async\" class=\"aligncenter\" src=\"http:\/\/farm6.staticflickr.com\/5269\/5896669125_e37e89f7a6_z.jpg\" alt=\"Em\u00e4salo - Emsal\u00f6\" width=\"640\" height=\"423\" \/><\/p>\n<p style=\"text-align: center;\"><img loading=\"lazy\" decoding=\"async\" class=\"aligncenter\" src=\"http:\/\/farm6.staticflickr.com\/5265\/5897235716_f9c8aea4b5_z.jpg\" alt=\"Em\u00e4salo - Emsal\u00f6\" width=\"400\" height=\"640\" \/><\/p>\n<p style=\"text-align: center;\"><img loading=\"lazy\" decoding=\"async\" class=\"aligncenter\" src=\"http:\/\/farm6.staticflickr.com\/5276\/5897232720_1f5141eb57_z.jpg\" alt=\"Em\u00e4salo - Emsal\u00f6\" width=\"640\" height=\"425\" \/><\/p>\n<p style=\"text-align: center;\"><img loading=\"lazy\" decoding=\"async\" class=\"aligncenter\" src=\"http:\/\/farm6.staticflickr.com\/5120\/5897227804_ba2f642c02_z.jpg\" alt=\"Em\u00e4salo - Emsal\u00f6\" width=\"640\" height=\"426\" \/><\/p>\n<p style=\"text-align: center;\"><img loading=\"lazy\" decoding=\"async\" class=\"aligncenter\" src=\"http:\/\/farm6.staticflickr.com\/5112\/5896663815_02ee66e351_z.jpg\" alt=\"Em\u00e4salo - Emsal\u00f6\" width=\"419\" height=\"640\" \/><\/p>\n<p style=\"text-align: center;\"><img loading=\"lazy\" decoding=\"async\" class=\"aligncenter\" src=\"http:\/\/farm6.staticflickr.com\/5235\/5897234206_ca6c93a9c4_z.jpg\" alt=\"Em\u00e4salo - Emsal\u00f6\" width=\"640\" height=\"421\" \/><\/p>\n<p style=\"text-align: center;\"><strong>Markus Kauppinen &#8211; Valonkuvaaja<\/strong><\/p>\n<p style=\"text-align: center;\"><a href=\"http:\/\/www.valonkuvaaja.com\/kuvagalleria\" target=\"_blank\" ><img decoding=\"async\" class=\"aligncenter\" src=\"\/signeeraus_kuva.jpg\" title=\"Tervetuloa Valonkuvaajan kuvagalleriaan!\" alt=\"Tervetuloa Valonkuvaajan kuvagalleriaan!\" \/><\/a><\/p>\n","protected":false},"excerpt":{"rendered":"<p>T\u00e4m\u00e4n kerran valokuvat ovat otettu Porvoon Em\u00e4salosta ja talvisista tunnelmista. Kuvat on otettu maaliskuussa 2010. P\u00e4iv\u00e4 oli kylm\u00e4 ja tuulinen. Kuvat on otettu Pentax K20D j\u00e4rjestelm\u00e4kameralla. Objektiivina k\u00e4ytin Pentax DA* 16-50mm linssi\u00e4. Markus Kauppinen &#8211; Valonkuvaaja<\/p>\n","protected":false},"author":1,"featured_media":0,"comment_status":"closed","ping_status":"closed","sticky":false,"template":"","format":"standard","meta":{"footnotes":""},"categories":[3,7,8],"tags":[217,776,765,775,726,35,777,41,1084,590,44,757],"class_list":["post-3580","post","type-post","status-publish","format-standard","hentry","category-blogit","category-valokuviani","category-viimeisimmat","tag-emasalo","tag-hanki","tag-ita-uusimaa","tag-lunta","tag-luontokuvaus","tag-markus-kauppinen","tag-matkailu","tag-pentax","tag-pentax-da-16-50mm","tag-pentax-k20d","tag-porvoo","tag-talvi"],"aioseo_notices":[],"_links":{"self":[{"href":"http:\/\/www.valonkuvaaja.com\/blogi\/wp-json\/wp\/v2\/posts\/3580","targetHints":{"allow":["GET"]}}],"collection":[{"href":"http:\/\/www.valonkuvaaja.com\/blogi\/wp-json\/wp\/v2\/posts"}],"about":[{"href":"http:\/\/www.valonkuvaaja.com\/blogi\/wp-json\/wp\/v2\/types\/post"}],"author":[{"embeddable":true,"href":"http:\/\/www.valonkuvaaja.com\/blogi\/wp-json\/wp\/v2\/users\/1"}],"replies":[{"embeddable":true,"href":"http:\/\/www.valonkuvaaja.com\/blogi\/wp-json\/wp\/v2\/comments?post=3580"}],"version-history":[{"count":7,"href":"http:\/\/www.valonkuvaaja.com\/blogi\/wp-json\/wp\/v2\/posts\/3580\/revisions"}],"predecessor-version":[{"id":5862,"href":"http:\/\/www.valonkuvaaja.com\/blogi\/wp-json\/wp\/v2\/posts\/3580\/revisions\/5862"}],"wp:attachment":[{"href":"http:\/\/www.valonkuvaaja.com\/blogi\/wp-json\/wp\/v2\/media?parent=3580"}],"wp:term":[{"taxonomy":"category","embeddable":true,"href":"http:\/\/www.valonkuvaaja.com\/blogi\/wp-json\/wp\/v2\/categories?post=3580"},{"taxonomy":"post_tag","embeddable":true,"href":"http:\/\/www.valonkuvaaja.com\/blogi\/wp-json\/wp\/v2\/tags?post=3580"}],"curies":[{"name":"wp","href":"https:\/\/api.w.org\/{rel}","templated":true}]}}