{"id":2800,"date":"2014-02-16T18:00:12","date_gmt":"2014-02-16T15:00:12","guid":{"rendered":"http:\/\/www.valonkuvaaja.com\/blogi\/?p=2800"},"modified":"2014-01-05T16:46:03","modified_gmt":"2014-01-05T14:46:03","slug":"valokuvia-sudenkorennosta","status":"publish","type":"post","link":"http:\/\/www.valonkuvaaja.com\/blogi\/valokuvia-sudenkorennosta","title":{"rendered":"Valokuvia sudenkorennosta"},"content":{"rendered":"<p style=\"text-align: left;\">T\u00e4m\u00e4nkertaisessa kuvajulkaisussa p\u00e4\u00e4roolissa on sudenkorento. Lajitunnistusta en ole t\u00e4ysin pystynyt tekem\u00e4\u00e4n, mutta arvelen kyseess\u00e4 olevan jonkin sirotyt\u00f6nkorennon.<\/p>\n<p style=\"text-align: left;\">Kuvat ovat otettu Pentax K20D j\u00e4rjestelm\u00e4kameralla. Objektiivina oli Pentaxin 100mm macro ja lis\u00e4ksi k\u00e4ytin Vivitarin 2X Macro Focusing Conventeria. Salamalaitteena k\u00e4ytin Pentaxin AF-160FC rengassalamalaitetta.<\/p>\n<p style=\"text-align: center;\"><img loading=\"lazy\" decoding=\"async\" alt=\"Sudenkorento\" src=\"http:\/\/farm6.staticflickr.com\/5174\/5526059961_97239ce7d4_z.jpg\" width=\"425\" height=\"640\" \/><\/p>\n<p style=\"text-align: center;\"><img loading=\"lazy\" decoding=\"async\" alt=\"Sudenkorento\" src=\"http:\/\/farm6.staticflickr.com\/5018\/5526060297_7d26b577e2_z.jpg\" width=\"640\" height=\"425\" \/><\/p>\n<p style=\"text-align: center;\"><img loading=\"lazy\" decoding=\"async\" alt=\"Sudenkorento\" src=\"http:\/\/farm6.staticflickr.com\/5059\/5526654796_a3b4f63c86_z.jpg\" width=\"425\" height=\"640\" \/><\/p>\n<p style=\"text-align: center;\"><img loading=\"lazy\" decoding=\"async\" alt=\"Sudenkorento\" src=\"http:\/\/farm6.staticflickr.com\/5016\/5526653568_22d4c2ed10_z.jpg\" width=\"640\" height=\"425\" \/><\/p>\n<p style=\"text-align: center;\"><img loading=\"lazy\" decoding=\"async\" alt=\"Sudenkorento\" src=\"http:\/\/farm6.staticflickr.com\/5054\/5526061583_acec0aa1c0_z.jpg\" width=\"425\" height=\"640\" \/><\/p>\n<p style=\"text-align: center;\"><img loading=\"lazy\" decoding=\"async\" alt=\"Sudenkorento\" src=\"http:\/\/farm6.staticflickr.com\/5054\/5526653774_636b0bdbcf_z.jpg\" width=\"640\" height=\"425\" \/><\/p>\n<p style=\"text-align: left;\">Lis\u00e4\u00e4 ottamiani valokuvia sudenkorennoista l\u00f6yd\u00e4t Flickr.com tilit\u00e4ni kansiosta <a href=\"http:\/\/www.flickr.com\/photos\/mtj-art\/collections\/72157626264485864\/\" target=\"_blank\">Sudenkorennot<\/a>.<\/p>\n<p style=\"text-align: center;\"><strong>Markus Kauppinen &#8211; Valonkuvaaja<\/strong><\/p>\n<p style=\"text-align: center;\"><a href=\"http:\/\/www.valonkuvaaja.com\/kuvagalleria\" target=\"_blank\" ><img decoding=\"async\" class=\"aligncenter\" src=\"\/signeeraus_kuva.jpg\" title=\"Tervetuloa Valonkuvaajan kuvagalleriaan!\" alt=\"Tervetuloa Valonkuvaajan kuvagalleriaan!\" \/><\/a><\/p>\n","protected":false},"excerpt":{"rendered":"<p>T\u00e4m\u00e4nkertaisessa kuvajulkaisussa p\u00e4\u00e4roolissa on sudenkorento. Lajitunnistusta en ole t\u00e4ysin pystynyt tekem\u00e4\u00e4n, mutta arvelen kyseess\u00e4 olevan jonkin sirotyt\u00f6nkorennon. Kuvat ovat otettu Pentax K20D j\u00e4rjestelm\u00e4kameralla. Objektiivina oli Pentaxin 100mm macro ja lis\u00e4ksi k\u00e4ytin Vivitarin 2X Macro Focusing Conventeria. Salamalaitteena k\u00e4ytin Pentaxin AF-160FC &hellip; <a href=\"http:\/\/www.valonkuvaaja.com\/blogi\/valokuvia-sudenkorennosta\">Lue loppuun <span class=\"meta-nav\">&rarr;<\/span><\/a><\/p>\n","protected":false},"author":1,"featured_media":0,"comment_status":"closed","ping_status":"closed","sticky":false,"template":"","format":"standard","meta":{"footnotes":""},"categories":[3,7,8],"tags":[85,439,34,35,41,590,529,55],"class_list":["post-2800","post","type-post","status-publish","format-standard","hentry","category-blogit","category-valokuviani","category-viimeisimmat","tag-flickr-com","tag-lahikuva","tag-makro","tag-markus-kauppinen","tag-pentax","tag-pentax-k20d","tag-sudenkorento","tag-valokuvia"],"aioseo_notices":[],"_links":{"self":[{"href":"http:\/\/www.valonkuvaaja.com\/blogi\/wp-json\/wp\/v2\/posts\/2800","targetHints":{"allow":["GET"]}}],"collection":[{"href":"http:\/\/www.valonkuvaaja.com\/blogi\/wp-json\/wp\/v2\/posts"}],"about":[{"href":"http:\/\/www.valonkuvaaja.com\/blogi\/wp-json\/wp\/v2\/types\/post"}],"author":[{"embeddable":true,"href":"http:\/\/www.valonkuvaaja.com\/blogi\/wp-json\/wp\/v2\/users\/1"}],"replies":[{"embeddable":true,"href":"http:\/\/www.valonkuvaaja.com\/blogi\/wp-json\/wp\/v2\/comments?post=2800"}],"version-history":[{"count":15,"href":"http:\/\/www.valonkuvaaja.com\/blogi\/wp-json\/wp\/v2\/posts\/2800\/revisions"}],"predecessor-version":[{"id":2803,"href":"http:\/\/www.valonkuvaaja.com\/blogi\/wp-json\/wp\/v2\/posts\/2800\/revisions\/2803"}],"wp:attachment":[{"href":"http:\/\/www.valonkuvaaja.com\/blogi\/wp-json\/wp\/v2\/media?parent=2800"}],"wp:term":[{"taxonomy":"category","embeddable":true,"href":"http:\/\/www.valonkuvaaja.com\/blogi\/wp-json\/wp\/v2\/categories?post=2800"},{"taxonomy":"post_tag","embeddable":true,"href":"http:\/\/www.valonkuvaaja.com\/blogi\/wp-json\/wp\/v2\/tags?post=2800"}],"curies":[{"name":"wp","href":"https:\/\/api.w.org\/{rel}","templated":true}]}}