{"id":2289,"date":"2011-12-17T18:30:39","date_gmt":"2011-12-17T16:30:39","guid":{"rendered":"http:\/\/www.valonkuvaaja.com\/blogi\/?p=2289"},"modified":"2013-03-20T16:12:52","modified_gmt":"2013-03-20T14:12:52","slug":"piparkakkutalo-projekti-2011","status":"publish","type":"post","link":"http:\/\/www.valonkuvaaja.com\/blogi\/piparkakkutalo-projekti-2011","title":{"rendered":"Piparkakkutalo projekti 2011"},"content":{"rendered":"<p style=\"text-align: justify;\">Muutamaan vuoteen ei ole tullut tehty\u00e4 piparkakkutaloa ja ei oikeastaan kyll\u00e4 t\u00e4n\u00e4k\u00e4\u00e4n vuonna, mutta rakennettua sellainen tuli. Talopakettina k\u00e4ytimme Annasin hyv\u00e4ksi katsomaamme valmispakettia, jonka jo viime kev\u00e4\u00e4n\u00e4 poisto myynnist\u00e4 hankimme.<\/p>\n<p style=\"text-align: justify;\"><a href=\"http:\/\/farm8.staticflickr.com\/7017\/6499220367_51632ab06f_z.jpg\" target=\"_blank\"><img loading=\"lazy\" decoding=\"async\" class=\"aligncenter\" src=\"http:\/\/farm8.staticflickr.com\/7017\/6499220367_51632ab06f_z.jpg\" alt=\"Pipakakkutalo projekti 2011\" width=\"640\" height=\"433\" \/><\/a>Edullisen talopaketin hankinnan vuoksi rahaa j\u00e4i my\u00f6s talon ulkoasun koristeluun. Oikeastaan taisi tuo ulkopinnan design maksaa enemm\u00e4n kuin itse talo :), mutta tyyli ennen kaikkea!<\/p>\n<p style=\"text-align: justify;\"><a href=\"http:\/\/farm8.staticflickr.com\/7002\/6499221167_e54df2d326_z.jpg\" target=\"_blank\"><img loading=\"lazy\" decoding=\"async\" class=\"aligncenter\" src=\"http:\/\/farm8.staticflickr.com\/7002\/6499221167_e54df2d326_z.jpg\" alt=\"Pipakakkutalo projekti 2011\" width=\"640\" height=\"425\" \/><\/a>Kasaus sujui muuten ongelmitta, mutta kuljetuksessa hajonneen savupiipun liimaus ja kiinnitys tuotti ongelmia sek\u00e4 liivatteista tehdyt ikkunat olivat hankalat saada pysym\u00e4\u00e4n paikoillaan joka reunasta. Ratkaisuksi ikkuna ongelmaan tehosi se, ett\u00e4 liimasi ikkunat kiinni vain yl\u00e4reunasta.<\/p>\n<p style=\"text-align: justify;\"><a href=\"http:\/\/farm8.staticflickr.com\/7158\/6499222855_25db936c0c_z.jpg\" target=\"_blank\"><img loading=\"lazy\" decoding=\"async\" class=\"aligncenter\" src=\"http:\/\/farm8.staticflickr.com\/7158\/6499222855_25db936c0c_z.jpg\" alt=\"Pipakakkutalo projekti 2011\" width=\"640\" height=\"435\" \/><\/a>P\u00e4\u00e4tykoristeluun k\u00e4ytin jo joillekin ehk\u00e4 entuudestaan tuttua sinetti\u00e4ni, joka on my\u00f6s mukana Mtj-Art.com sivuston logossa.<\/p>\n<p style=\"text-align: justify;\"><a href=\"http:\/\/farm8.staticflickr.com\/7155\/6499224075_1e2eb44a7f_z.jpg\" target=\"_blank\"><img loading=\"lazy\" decoding=\"async\" class=\"aligncenter\" src=\"http:\/\/farm8.staticflickr.com\/7155\/6499224075_1e2eb44a7f_z.jpg\" alt=\"Pipakakkutalo projekti 2011\" width=\"640\" height=\"425\" \/><\/a>Katon koristeluun k\u00e4ytimme ranskanpastilleja sek\u00e4 muutenkin rakennukseen k\u00e4ytt\u00e4mi\u00e4mme saumaus aineita.<\/p>\n<p style=\"text-align: justify;\"><img loading=\"lazy\" decoding=\"async\" src=\"http:\/\/farm8.staticflickr.com\/7168\/6499229271_b9385ff83a_z.jpg\" alt=\"Pipakakkutalo projekti 2011\" width=\"640\" height=\"425\" \/><\/p>\n<p style=\"text-align: justify;\">Valmiista piparkakkutalosta tuli lopuksi otettua my\u00f6s muutama tuotekuva.<\/p>\n<p style=\"text-align: center;\"><a href=\"http:\/\/farm8.staticflickr.com\/7006\/6499377037_16b5401661_z.jpg\" target=\"_blank\"><img loading=\"lazy\" decoding=\"async\" class=\"aligncenter\" src=\"http:\/\/farm8.staticflickr.com\/7006\/6499377037_16b5401661_z.jpg\" alt=\"Pipakakkutalo projekti 2011\" width=\"640\" height=\"477\" \/><\/a><img loading=\"lazy\" decoding=\"async\" src=\"http:\/\/farm8.staticflickr.com\/7172\/6499376531_76e35e2327_z.jpg\" alt=\"Pipakakkutalo projekti 2011\" width=\"640\" height=\"471\" \/><\/p>\n<p style=\"text-align: justify;\">Lis\u00e4\u00e4 valokuvia piparkakkutalo projektista l\u00f6yd\u00e4t Flickr.com tililt\u00e4ni kansiosta: <a href=\"http:\/\/www.flickr.com\/photos\/mtj-art\/sets\/72157628387925455\/with\/6499376531\/\" target=\"_blank\">Piparkakkutalo projekti 2011<\/a>.<\/p>\n<p style=\"text-align: justify;\">Kuvat on otettu Pentax K-5 j\u00e4rjestelm\u00e4kameralla. Objektiiveina k\u00e4ytin Pentax DA* 16-50mm ja Pentax 100mm linssej\u00e4. Valaistusta vastasi Elinchromen studiosalamat.<\/p>\n<p style=\"text-align: center;\"><strong><span style=\"color: #ff0000;\">Hyv\u00e4\u00e4 Joulun odotusta kaikille!<\/span><\/strong><\/p>\n<p style=\"text-align: center;\">Markus Kauppinen &#8211; Valonkuvaaja<\/p>\n<p><a href=\"http:\/\/flickr.com\/photos\/45130204@N03\/\"><img decoding=\"async\" class=\"aligncenter\" title=\"MTJ-ART -Photos on nature and some other things!\" src=\"http:\/\/bighugelabs.com\/profilewidget\/interesting\/000000\/ffffff\/45130204@N03.jpg\" alt=\"mtj-art. Get yours at bighugelabs.com\" \/><\/a><\/p>\n","protected":false},"excerpt":{"rendered":"<p>Muutamaan vuoteen ei ole tullut tehty\u00e4 piparkakkutaloa ja ei oikeastaan kyll\u00e4 t\u00e4n\u00e4k\u00e4\u00e4n vuonna, mutta rakennettua sellainen tuli. Talopakettina k\u00e4ytimme Annasin hyv\u00e4ksi katsomaamme valmispakettia, jonka jo viime kev\u00e4\u00e4n\u00e4 poisto myynnist\u00e4 hankimme. Edullisen talopaketin hankinnan vuoksi rahaa j\u00e4i my\u00f6s talon ulkoasun koristeluun. &hellip; <a href=\"http:\/\/www.valonkuvaaja.com\/blogi\/piparkakkutalo-projekti-2011\">Lue loppuun <span class=\"meta-nav\">&rarr;<\/span><\/a><\/p>\n","protected":false},"author":1,"featured_media":0,"comment_status":"closed","ping_status":"closed","sticky":false,"template":"","format":"standard","meta":{"footnotes":""},"categories":[3,7,8],"tags":[434,35,41,1083,1084,156,432,433],"class_list":["post-2289","post","type-post","status-publish","format-standard","hentry","category-blogit","category-valokuviani","category-viimeisimmat","tag-joulu","tag-markus-kauppinen","tag-pentax","tag-pentax-100mm-macro","tag-pentax-da-16-50mm","tag-pentax-k-5","tag-piparkakkutalo","tag-projekti"],"aioseo_notices":[],"_links":{"self":[{"href":"http:\/\/www.valonkuvaaja.com\/blogi\/wp-json\/wp\/v2\/posts\/2289","targetHints":{"allow":["GET"]}}],"collection":[{"href":"http:\/\/www.valonkuvaaja.com\/blogi\/wp-json\/wp\/v2\/posts"}],"about":[{"href":"http:\/\/www.valonkuvaaja.com\/blogi\/wp-json\/wp\/v2\/types\/post"}],"author":[{"embeddable":true,"href":"http:\/\/www.valonkuvaaja.com\/blogi\/wp-json\/wp\/v2\/users\/1"}],"replies":[{"embeddable":true,"href":"http:\/\/www.valonkuvaaja.com\/blogi\/wp-json\/wp\/v2\/comments?post=2289"}],"version-history":[{"count":12,"href":"http:\/\/www.valonkuvaaja.com\/blogi\/wp-json\/wp\/v2\/posts\/2289\/revisions"}],"predecessor-version":[{"id":2291,"href":"http:\/\/www.valonkuvaaja.com\/blogi\/wp-json\/wp\/v2\/posts\/2289\/revisions\/2291"}],"wp:attachment":[{"href":"http:\/\/www.valonkuvaaja.com\/blogi\/wp-json\/wp\/v2\/media?parent=2289"}],"wp:term":[{"taxonomy":"category","embeddable":true,"href":"http:\/\/www.valonkuvaaja.com\/blogi\/wp-json\/wp\/v2\/categories?post=2289"},{"taxonomy":"post_tag","embeddable":true,"href":"http:\/\/www.valonkuvaaja.com\/blogi\/wp-json\/wp\/v2\/tags?post=2289"}],"curies":[{"name":"wp","href":"https:\/\/api.w.org\/{rel}","templated":true}]}}