{"id":1137,"date":"2011-09-23T18:30:30","date_gmt":"2011-09-23T15:30:30","guid":{"rendered":"http:\/\/www.valonkuvaaja.com\/blogi\/?p=1137"},"modified":"2011-10-29T19:16:23","modified_gmt":"2011-10-29T16:16:23","slug":"heksua-varia-pimeaan-tyoharjoittelussa","status":"publish","type":"post","link":"http:\/\/www.valonkuvaaja.com\/blogi\/heksua-varia-pimeaan-tyoharjoittelussa","title":{"rendered":"Heksua, V\u00e4ri\u00e4 pime\u00e4\u00e4n, ty\u00f6harjoittelussa"},"content":{"rendered":"<p style=\"text-align: justify;\">Viime viikon lauantai meni heksun parissa. Aloin nyt t\u00e4ll\u00e4 kertaa t\u00e4ytt\u00e4m\u00e4\u00e4n heksua kohta kohdalta j\u00e4rjestelm\u00e4llisesti ja t\u00e4ytt\u00e4m\u00e4\u00e4n aukkoja samalla. Joihinkin kohtiin ei viel\u00e4 vastauksia l\u00f6ytynyt, mutta osaan l\u00f6ytyi. Lis\u00e4ksi tein verkkoportfolioon loput sivupohjat j\u00e4ljell\u00e4 oleviin tutkinnon osiin. Sunnuntai meni pahentunutta flussaa potiessa ja lep\u00e4illess\u00e4.<\/p>\n<h1 style=\"text-align: left;\"><strong>V\u00e4ri\u00e4 pime\u00e4\u00e4n valokuvan\u00e4yttely<\/strong><\/h1>\n<p style=\"text-align: justify;\"><img loading=\"lazy\" decoding=\"async\" class=\"aligncenter\" title=\"Moi\" src=\"http:\/\/farm6.static.flickr.com\/5305\/5554918447_e7bcac2eea.jpg\" alt=\"Moi\" width=\"500\" height=\"332\" \/>Nyt on sitten kaikki n\u00e4yttelyn valokuvat tulleet, sek\u00e4 kehystetty! Lis\u00e4ksi teosluettelo on my\u00f6s hiottu valmiiksi ja muutama kappale kokeeksi tulostettu. Projekti on siis edennyt suunnitelmien mukaan vaikka kiirett\u00e4 on piisannut. On vain niin monta rautaa kaiken aikaa tulella, ett\u00e4 ihme on ettei mik\u00e4\u00e4n lettu ole viel\u00e4 palanut pannuun kiinni.<\/p>\n<p style=\"text-align: justify;\">Nyt pit\u00e4\u00e4 viel\u00e4 vajaa viikko odotella ja sitten on aika k\u00e4yd\u00e4 rispustamassa valokuvat kaiken kansan katsottavaksi! N\u00e4yttelyss\u00e4 tulee olemaan 28 valokuvaa, jotka p\u00e4\u00e4osin on otettu H\u00e4meess\u00e4 ja It\u00e4-Uudellamaalla vuosien 2008-2011 aikana.<\/p>\n<p style=\"text-align: justify;\">N\u00e4yttelyss\u00e4 on my\u00f6s n\u00e4yttelyn suosikkikuvan \u00e4\u00e4nestys, johon osallistumalla voi voittaa \u00e4\u00e4nest\u00e4m\u00e4ns\u00e4 kuvan omakseen!<\/p>\n<h2 style=\"text-align: justify;\">Ty\u00f6hajoittelusta<\/h2>\n<p style=\"text-align: justify;\"><strong>Maanantai<\/strong> aamulla oli j\u00e4lleen pienimuotoinen palaveri, jossa sain tiet\u00e4\u00e4 ett\u00e4 ty\u00f6st\u00e4mist\u00e4ni logoista muuta versio on nyt toimitettu asiakkaalle katseltavaksi. Toivottavasti jompikumpi kelpaisi ilman mit\u00e4\u00e4n suurempia muokkauksia.<\/p>\n<p style=\"text-align: justify;\">Sitten minulle kerrottiin, ett\u00e4 t\u00e4n\u00e4\u00e4n olisi vuorossa sitten kuvauskeikka. Tarkoitus ottaa asiakkaalle muutama julkaisukelpoinen kuva. T\u00e4ytt\u00e4 selvyytt\u00e4 ei kuvan k\u00e4ytt\u00f6tarkoituksesta ollut, ei siis edes asiakkaalla! Ei kuulemme kovinkaan harvinaista t\u00e4ll\u00e4isetk\u00e4\u00e4n toimeksiannot. No, eik\u00f6h\u00e4n kuva(t) johonkin printtiin ja verkkosivuille p\u00e4\u00e4dy.<\/p>\n<p style=\"text-align: justify;\">Kuvauskeikasta kuultuani aloitin tutustamaan p\u00e4iv\u00e4n ty\u00f6v\u00e4liseeni eli Canon EOS 5D Mark2 j\u00e4rjestelm\u00e4kameraan. Koulun puolesta Canon 550D on jotenkin tuttu, mutta taas oli tuossakin kamerassa erilaiset s\u00e4\u00e4d\u00f6t. Mut aikas nopeasti kaikki oikeat nippelit ja nappulat l\u00f6ytyiv\u00e4t joista keskeisimm\u00e4t s\u00e4\u00e4d\u00f6t tehd\u00e4\u00e4n eli: ISO arvo, aukon arvo, sulkimen nopeus sek\u00e4 tarkennuspisteen valinta.<\/p>\n<p style=\"text-align: justify;\">Kameraan tutustumisen j\u00e4lkeen l\u00e4hdettiin ottamaan l\u00e4heiseen puistoon testikuvia ja kameran lis\u00e4ksi mukana oli Elinchrom salama sek\u00e4 akku josta salama sai tarvitsemansa virran. Testikuvissa etsimme ne perus asetusten arvot joilla l\u00e4hdet\u00e4\u00e4n kuvia asiakkaasta ottamaan. Testin j\u00e4lkeen meni viel\u00e4 toviksi konttorille suunnittelemaan kuvauksen toteuttamista.<\/p>\n<p style=\"text-align: justify;\">Kuvaustilanne oli puolilta p\u00e4ivin ty\u00f6harjoittelupaikan l\u00e4heisess\u00e4 puistossa. Paikalle saapuu nelj\u00e4 henkil\u00f6\u00e4 joista piti sitten ottaa ryhm\u00e4kuvia joita he voivat sitten k\u00e4ytt\u00e4\u00e4 tarvitsemissaan projekteissa. P\u00e4\u00e4vastuu sessiossa oli minulla, mutta varmuuden vuoksi my\u00f6s ty\u00f6harjoittelupaikan edustaja otti kuvia henkil\u00f6ist\u00e4, jotta varmasti saataisiin asiakkaalle riitt\u00e4v\u00e4sti hyvi\u00e4 kuvia. Sessio ei kest\u00e4nyt kuin pari kymment\u00e4 minuuttia ja siin\u00e4 ajassa kuvia kertyi noin 100. Katsoin session aikana aika ajoin millaisia ruutuja tuli ja laatu oli mielest\u00e4ni riitt\u00e4v\u00e4n hyv\u00e4, joten siksi n\u00e4inkin lyhyt kuvaus riitti. Kuvattava ryhm\u00e4\u00e4 oli helppo johtaa, sek\u00e4 he olivat aidosti niin iloista porukkaa ettei hymy\u00e4k\u00e4\u00e4n tarvinnut henkil\u00f6ilt\u00e4 liiemmin kaivaa. Olivat siis helposti kuvattava porukka!<\/p>\n<p style=\"text-align: justify;\">Ruokatauon j\u00e4lkeen aloin sitten katsomaan Lightroom 3 ohjelmalla, millaista materiaalia saatiin aikaiseksi ja l\u00f6ytyih\u00e4n joukosta hyvi\u00e4 ruutuja toista kymment\u00e4. Tuosta joukosta sitten valittiin nelj\u00e4 jotka l\u00e4hetimme asiakkaalle. Niin asiakkaalla oli luonnollisesti kiire kuvien saamisen kanssa ja &#8221;kuvienhan olisi jo pit\u00e4nyt olla heill\u00e4 eilen&#8221;, kuten aina on asiakkaan toiveet.<\/p>\n<p style=\"text-align: justify;\">P\u00e4iv\u00e4 oli hyvin mieluisa, kun kyseess\u00e4 oli valokuvaamista ja sain olla mukana l\u00e4pi koko prosessin. Sek\u00e4 kuvien kehitys vaiheessa opin j\u00e4lleen pari uutta asiaa. Sen miten Lightroom 3:sta saa avattua kuvat suoraan Photoshopiin eri tasoille. Sek\u00e4 kuinka Photarissa saa sitten kohdistettua siirretyt tasot samaan kohtaan. Niin t\u00e4m\u00e4 tuli tarpeeseen, kun yht\u00e4 ryhm\u00e4kuvaa piti sen verran muokata, ett\u00e4 toin yhden henkil\u00f6n yl\u00e4vartalon toisesta kuvasta kuvaan jossa kolmella muulla oli loisto asento sek\u00e4 ilmeet ja yhdell\u00e4 henkil\u00f6ll\u00e4 taas ei n\u00e4in ollut. N\u00e4m\u00e4 kaksi kuvaa yhdistetty\u00e4ni oli lopputuloksena kuva jossa kaikilla oli hyv\u00e4t asennot ja ilmeet eli aikas nappi otos.<\/p>\n<p style=\"text-align: justify;\"><strong>Tiistaina<\/strong> sain tiet\u00e4\u00e4, ett\u00e4 asiakas oli hyv\u00e4ksynyt molemmat l\u00e4hetetyt versiot ty\u00f6st\u00e4mist\u00e4ni logoista. Viel\u00e4 he eiv\u00e4t olleet p\u00e4\u00e4tt\u00e4neet kumman valitsevat. Toisaalta mielest\u00e4ni he voisivat k\u00e4ytt\u00e4\u00e4 kumpaakin versiota, toista asiapapeissa jne. ja toista\u00a0 esim. painotuotteissa. Sitten kun he valintansa ovat tehneet jatkuu kyseinen projekti k\u00e4yntikortin ja esitteen parissa joiden pohjalta sitten lopuksi ty\u00f6stet\u00e4\u00e4n verkkosivut. Syy t\u00e4h\u00e4n marssi j\u00e4rjestykseen on se, ett\u00e4 n\u00e4in toimiessa asiakas saa nopeammin jotain konkreettista jaettavaa ihmisille.<\/p>\n<p style=\"text-align: justify;\">P\u00e4\u00e4projektina oli yhden verkkosivun leiskan ty\u00f6st\u00e4minen. Sain Adobe InDesign ohjelmalla tehdyn sivupohjamallin, jonka sitten vein Photoshoppiin. Jossa paloittelin sivupohjan haluamiini osiin. Sitten tallensin ty\u00f6n .psd -muotoon ja avasin sen seuraavaksi Abode Fireworks ohjelmassa ja n\u00e4in sain sivun rakenteen nopsaan tehty\u00e4, kun exporttasin ty\u00f6n css &amp; html -muodossa. Seuraavaksi avasin Fireworks ohjelman tekem\u00e4t tiedostot Adoben Dreamweaver -ohjelmassa ja siivosin pois turhia css-m\u00e4\u00e4ritteit\u00e4, sek\u00e4 lis\u00e4sin uusia tilalle.<\/p>\n<p style=\"text-align: justify;\">Parissa tunnissa oli koko projekti siin\u00e4 vaiheessa, ett\u00e4 minulla oli sellaiset kuvat, html ja css tiedostot jotka muodostivat tismalleen samanlaisen kokonaisuuden kuin alkuper\u00e4inen Indesign malli oli. Seuraavaksi leiska on tarkoitus vied\u00e4 Modx Evolutioniin ja tehd\u00e4 siell\u00e4 siit\u00e4 sivupohja.<\/p>\n<p style=\"text-align: justify;\">P\u00e4iv\u00e4n aikana tuli my\u00f6s otettua studio kuva yhdest\u00e4 taideteoksesta. Toimeksi anto tuli yll\u00e4tt\u00e4en ja nopeasti, kun toinen yrityksen omistajista toi ovesta sis\u00e4\u00e4n maalauksen sek\u00e4 kertoi, ett\u00e4 t\u00e4st\u00e4 pit\u00e4isi saada hyv\u00e4 kuva. No, ei muuta kuin kehysten purkamiseen ja teoksen kiikuttamiseen studion puolelle. Valaistus kuntoon ja kamera jalustalle. Kameraan synkkapiuha kiinni ja toinen piuhan p\u00e4\u00e4 tietokoneeseen, jossa k\u00e4ynniss\u00e4 oli Lightroom 3 ohjelma. Sitten vain kuvia ottamaan ja oikeaa kuva kulmaa hakemaan. Kuudennen ruudun kohdalla l\u00f6ytyi oikea kulma ja n\u00e4in oli hyv\u00e4 kuva asiakkaalle saatu otettua. Sitten viel\u00e4 v\u00e4ri s\u00e4\u00e4t\u00f6 kuntoon harmaakortin mukana oloa hyv\u00e4ksi k\u00e4ytt\u00e4en ja teoksen rajaus kuvasta. Sen j\u00e4lkeen teokseen laitto takaisin kehyksiin ja projekti oli valmis.<\/p>\n<p style=\"text-align: justify;\">J\u00e4lleen oli kyll\u00e4 kovin mielenkiintoinen ja monipuolinen harjoittelup\u00e4iv\u00e4. Taas tuli oppia itselleni valokuvauksessa ja Adoben tuotteiden yhteisk\u00e4yt\u00f6ss\u00e4. Niin ja my\u00f6s yrityksen ty\u00f6ntekij\u00f6ille tuli oppia vastaavasti, html \/ css taitossa.<\/p>\n<p style=\"text-align: justify;\"><strong>Keskiviikkona<\/strong> siirsin tiistaina tekem\u00e4ni layotin tuotantopalvelimelle, jonne olin jo aiemmin asentanut Modx Evolution julkaisuj\u00e4rjestelm\u00e4n. Ennen eilen tekem\u00e4ni sivupohjan siirtoa palvelimelle, muokkasin l\u00e4hdekoodiin Modxn omia\u00a0 syntaxseja, jotta sivupohjasta tulee dynaamisempi.<\/p>\n<p style=\"text-align: justify;\">Siirron j\u00e4lkeen p\u00e4ivitin sitten CSS-tyyjej\u00e4 sen verran, ett\u00e4 sivupohjasta tuli samanlainen kuin Indesing versio oli. Nyt sivuston pohja on valmis. Seuraavaksi vain odotamme asiakkaalta sivustolle tulevaa materiaali.<\/p>\n<p style=\"text-align: justify;\">P\u00e4iv\u00e4\u00e4n kuului j\u00e4lleen valokuvaamista. T\u00e4ll\u00e4 kertaa kuvattavana oli er\u00e4\u00e4n asiakkaan vaatteita. Kuvien k\u00e4ytt\u00f6tarkoitus on sanomalehdet, sek\u00e4 verkkosivut. Joten kuvista tehtiin jpg versiot sRGB v\u00e4riavaruudessa sek\u00e4 CMYK versio sanomalehtiv\u00e4riasetuksilla. Sitten jpg kuvat l\u00e4hettiin asiakkaalle ja CMYK kuvat suoraan lehteen jossa mainokset tulevat olemaan. Prosessi on j\u00e4lleen hyvin sujuva, puoli tuntia asiakkaan l\u00e4hd\u00f6st\u00e4 olivat kuvat jo k\u00e4sitelty ja toimitettu kaikille asianomaisille oikeissa formaatti muodoissa.<\/p>\n<p style=\"text-align: justify;\"><strong>Torstaina<\/strong> ty\u00f6stin asiakkaan hyv\u00e4ksym\u00e4n logon uudestaan. Siit\u00e4 syyst\u00e4, ett\u00e4 hyv\u00e4ksytty logo oli vasta niin sanotusti luonnos. Logon ty\u00f6st\u00e4misen j\u00e4lkeen tein siit\u00e4 v\u00e4rikartat niin RGB kuin CMYK v\u00e4reist\u00e4 sek\u00e4 samaan dokumentaatioon listasin logossa k\u00e4ytetyt fontit.<\/p>\n<p style=\"text-align: justify;\">Logo projektin j\u00e4lkeen oli alkuper\u00e4inen suunnitelma tehd\u00e4 ne k\u00e4yntikortit ja esite, mutta nyt asiakas halusikin, ett\u00e4 seuraavaksi ty\u00f6stett\u00e4isiinkin verkkosivut. Loppu p\u00e4iv\u00e4n aikana sainkin ty\u00f6stetty\u00e4 itse\u00e4ni sek\u00e4 ty\u00f6harjoittelupaikan omistajia miellytt\u00e4v\u00e4n sivupohja luonnoksen. V\u00e4rimaailman otin logosta ja muut suuntaviivat olivat: asiallinen ja muutenkin virallisen oloinen. Viel\u00e4 pit\u00e4\u00e4 l\u00f6yt\u00e4\u00e4 sivupohjaa joitain &#8221;luonnos&#8221; kuvia ja siten leiska l\u00e4het\u00e4\u00e4n asiakkaalle katseltavaksi.<\/p>\n<p style=\"text-align: justify;\"><a href=\"http:\/\/farm7.static.flickr.com\/6177\/6174905673_ee1cf493ee_m.jpg\" target=\"_blank\"><img loading=\"lazy\" decoding=\"async\" class=\"alignleft\" title=\"Erikoinen pilvi\" src=\"http:\/\/farm7.static.flickr.com\/6177\/6174905673_ee1cf493ee_m.jpg\" alt=\"\" width=\"180\" height=\"240\" \/><\/a><strong>Perjantaina<\/strong> ty\u00f6stin viel\u00e4 nuo luonnos kuvat eilen muuten valmiiksi saamaani sivupohjaan. Kuvien lis\u00e4\u00e4misen j\u00e4lkeen sivupohja l\u00e4hettiin asiakkaalle arvioitavaksi.<\/p>\n<p style=\"text-align: justify;\">T\u00e4m\u00e4n j\u00e4lkeen sain uudeksi teht\u00e4v\u00e4ksi yhden karkkeja myyv\u00e4n yrityksen verkkosivun uudistamisen. Joten aloitin projektin uuden sivupohjan ty\u00f6st\u00e4misell\u00e4. Pohjaksi sain yrityksen logon, josta poimin v\u00e4rimaailman sivupohjaan.<\/p>\n<p style=\"text-align: justify;\">Tein kolme erilaista variaatiota joita ty\u00f6stin kaikkia jonkin matkaan kunnes valitsin vaihtoehdoista mielest\u00e4ni parhaimman. Asiakkaan toiveissa olivat asialliset, v\u00e4rikk\u00e4\u00e4t ja kutsuvat sivut. Mielest\u00e4ni t\u00e4m\u00e4n hetkinen luonnos vastaa jo todella hyvin n\u00e4ihin kriteereihin. Sivustosta tulee mieleeni karnevaalit tai huvipuisto. T\u00e4m\u00e4kin ty\u00f6 l\u00e4hettiin jo asiakkaalle arvioitavaksi.<\/p>\n<p style=\"text-align: justify;\">Ensi viikolla on kuitenkin viel\u00e4 tarkoitus hio tuota leiskaa sen verran, ett\u00e4 lis\u00e4\u00e4n taustakuvaan muutamia irtokarkeista otettuja kuvia, jotka ik\u00e4\u00e4n kuin putoavat taivaalta. N\u00e4ytt\u00e4isin t\u00e4m\u00e4nkin leiskan mielell\u00e4ni t\u00e4\u00e4ll\u00e4, mutta se ei nyt toistaiseksi ole mahdollista. Pit\u00e4isi neuvotella harjoituspaikan kanssa, ett\u00e4 voisinkin k\u00e4ytt\u00e4\u00e4 siell\u00e4 tekemi\u00e4ni sivupohja omina ty\u00f6n\u00e4yttein\u00e4ni. Jos tuo onnistuu niin tulette jossain vaiheessa sitten noita leiskoja n\u00e4kem\u00e4\u00e4n t\u00e4\u00e4ll\u00e4 ja ehk\u00e4 jossain muuallakin, halusitte tai ette ;)!<\/p>\n<p style=\"text-align: justify;\">Niin ja jos ihmettelette tuota pilvi kuvaa niin se on siin\u00e4 siit\u00e4 syyst\u00e4, ett\u00e4 perjantaina kaupungilla liikkuessani huomasin tuollaisen erikoisen pilven taivahalla. Joten p\u00e4\u00e4tin laittaa sen kuvittamaan t\u00e4t\u00e4 muuten niin kirjoituspainotteista blogi kirjoitustani.<\/p>\n<h3 style=\"text-align: justify;\">Paluu koulun verkkosivuprojektiin<\/h3>\n<p style=\"text-align: justify;\">Viikon puoliv\u00e4liss\u00e4 k\u00e4vin koululla yhden opiskeluihin liittyv\u00e4n verkkosivuprojektin tiimoilta. K\u00e4ytiin projekti toverin kanssa kertomassa sivuston t\u00e4m\u00e4n hetken tilasta ja miten jatkossa pit\u00e4isi toimia. T\u00e4m\u00e4 loppumattomaksi tarinaksi muodostunut projekti tulee varmaankin olemaan ty\u00f6n alla koko j\u00e4ljell\u00e4 olevan opiskelun ajan. Jotenkin pelk\u00e4\u00e4n, ett\u00e4 kyseinen projekti saattaa kummitella meit\u00e4 viel\u00e4 opiskelun p\u00e4\u00e4dytty\u00e4kin, toivottavasti kuitenkaan ei n\u00e4in k\u00e4y. Mutta eip\u00e4 tuosta nyt jaksa enemp\u00e4\u00e4 rustailla.<\/p>\n<p style=\"text-align: justify;\">Kiireisen viikon ja blogin saa t\u00e4ll\u00e4 kertaa p\u00e4\u00e4tt\u00e4\u00e4 Kauko R\u00f6yhk\u00e4n ja Riku Mattilan mainio biisi: Helvetti.<\/p>\n<p><object width=\"640\" height=\"480\" classid=\"clsid:d27cdb6e-ae6d-11cf-96b8-444553540000\" codebase=\"http:\/\/download.macromedia.com\/pub\/shockwave\/cabs\/flash\/swflash.cab#version=6,0,40,0\"><param name=\"allowFullScreen\" value=\"true\" \/><param name=\"allowscriptaccess\" value=\"always\" \/><param name=\"src\" value=\"http:\/\/www.youtube.com\/v\/REBIFVQ-0zQ?version=3&amp;hl=en_US&amp;rel=0\" \/><param name=\"allowfullscreen\" value=\"true\" \/><embed width=\"640\" height=\"480\" type=\"application\/x-shockwave-flash\" src=\"http:\/\/www.youtube.com\/v\/REBIFVQ-0zQ?version=3&amp;hl=en_US&amp;rel=0\" allowFullScreen=\"true\" allowscriptaccess=\"always\" allowfullscreen=\"true\" \/><\/object><\/p>\n<p style=\"text-align: center;\"><strong><span style=\"font-family: comic sans ms,sans-serif;\">Hyv\u00e4\u00e4 viikonloppua kaikille!<\/span><\/strong><\/p>\n<p style=\"text-align: center;\"><a href=\"http:\/\/flickr.com\/photos\/45130204@N03\/\"><img decoding=\"async\" class=\"aligncenter\" title=\"MTJ-ART -Photos on nature and some other things!\" src=\"http:\/\/bighugelabs.com\/profilewidget\/interesting\/000000\/ffffff\/45130204@N03.jpg\" alt=\"mtj-art. Get yours at bighugelabs.com\" \/><\/a>Markus Kauppinen &#8211; Valonkuvaaja<\/p>\n","protected":false},"excerpt":{"rendered":"<p>Viime viikon lauantai meni heksun parissa. Aloin nyt t\u00e4ll\u00e4 kertaa t\u00e4ytt\u00e4m\u00e4\u00e4n heksua kohta kohdalta j\u00e4rjestelm\u00e4llisesti ja t\u00e4ytt\u00e4m\u00e4\u00e4n aukkoja samalla. Joihinkin kohtiin ei viel\u00e4 vastauksia l\u00f6ytynyt, mutta osaan l\u00f6ytyi. Lis\u00e4ksi tein verkkoportfolioon loput sivupohjat j\u00e4ljell\u00e4 oleviin tutkinnon osiin. Sunnuntai meni pahentunutta &hellip; <a href=\"http:\/\/www.valonkuvaaja.com\/blogi\/heksua-varia-pimeaan-tyoharjoittelussa\">Lue loppuun <span class=\"meta-nav\">&rarr;<\/span><\/a><\/p>\n","protected":false},"author":1,"featured_media":0,"comment_status":"closed","ping_status":"closed","sticky":false,"template":"","format":"standard","meta":{"footnotes":""},"categories":[3,7,8],"tags":[74,374,373,378,81,379,29,375,340,35,377,380,376,336,52,372,60],"class_list":["post-1137","post","type-post","status-publish","format-standard","hentry","category-blogit","category-valokuviani","category-viimeisimmat","tag-adobe","tag-canon-550d","tag-canon-eos-5d-mark2","tag-cmyk","tag-heksu","tag-kauko-royhka","tag-layout","tag-leiska","tag-logo","tag-markus-kauppinen","tag-rgb","tag-riku-mattila","tag-sivupohja","tag-tyoharjoittelu","tag-valokuvanayttely","tag-valokuvauskeikka","tag-varia-pimeaan"],"aioseo_notices":[],"_links":{"self":[{"href":"http:\/\/www.valonkuvaaja.com\/blogi\/wp-json\/wp\/v2\/posts\/1137","targetHints":{"allow":["GET"]}}],"collection":[{"href":"http:\/\/www.valonkuvaaja.com\/blogi\/wp-json\/wp\/v2\/posts"}],"about":[{"href":"http:\/\/www.valonkuvaaja.com\/blogi\/wp-json\/wp\/v2\/types\/post"}],"author":[{"embeddable":true,"href":"http:\/\/www.valonkuvaaja.com\/blogi\/wp-json\/wp\/v2\/users\/1"}],"replies":[{"embeddable":true,"href":"http:\/\/www.valonkuvaaja.com\/blogi\/wp-json\/wp\/v2\/comments?post=1137"}],"version-history":[{"count":25,"href":"http:\/\/www.valonkuvaaja.com\/blogi\/wp-json\/wp\/v2\/posts\/1137\/revisions"}],"predecessor-version":[{"id":2089,"href":"http:\/\/www.valonkuvaaja.com\/blogi\/wp-json\/wp\/v2\/posts\/1137\/revisions\/2089"}],"wp:attachment":[{"href":"http:\/\/www.valonkuvaaja.com\/blogi\/wp-json\/wp\/v2\/media?parent=1137"}],"wp:term":[{"taxonomy":"category","embeddable":true,"href":"http:\/\/www.valonkuvaaja.com\/blogi\/wp-json\/wp\/v2\/categories?post=1137"},{"taxonomy":"post_tag","embeddable":true,"href":"http:\/\/www.valonkuvaaja.com\/blogi\/wp-json\/wp\/v2\/tags?post=1137"}],"curies":[{"name":"wp","href":"https:\/\/api.w.org\/{rel}","templated":true}]}}