{"id":1127,"date":"2011-09-02T18:30:00","date_gmt":"2011-09-02T15:30:00","guid":{"rendered":"http:\/\/www.valonkuvaaja.com\/blogi\/?p=1127"},"modified":"2011-09-04T18:10:45","modified_gmt":"2011-09-04T15:10:45","slug":"symbian-anna-tyoharjoittelua-varia-pimeaan","status":"publish","type":"post","link":"http:\/\/www.valonkuvaaja.com\/blogi\/symbian-anna-tyoharjoittelua-varia-pimeaan","title":{"rendered":"Symbian Anna, ty\u00f6harjoittelua, V\u00e4ri\u00e4 pime\u00e4\u00e4n"},"content":{"rendered":"<p style=\"text-align: justify;\"><a href=\"http:\/\/farm7.static.flickr.com\/6063\/6096863789_b26d740fd9_m.jpg\" target=\"_blank\"><img loading=\"lazy\" decoding=\"async\" class=\"alignleft\" title=\"Kameleontti\" src=\"http:\/\/farm7.static.flickr.com\/6063\/6096863789_b26d740fd9_m.jpg\" alt=\"Kameleontti\" width=\"240\" height=\"175\" \/><\/a>Viime viikonloppu l\u00e4hti k\u00e4yntiin Nokialaiseni p\u00e4ivitt\u00e4misell\u00e4 uuteen Anna k\u00e4ytt\u00f6j\u00e4rjestelm\u00e4\u00e4n. T\u00e4m\u00e4 projekti olisi ollut varmaankin parempi olla toteuttamatta. Nimitt\u00e4in p\u00e4ivityksen my\u00f6t\u00e4 tuli merkitt\u00e4v\u00e4 heikennys kalenteriin. Edellisess\u00e4 versiossa kalenteri merkinn\u00e4n muokkaaminen ja sen siir\u00e4minen toiselle p\u00e4iv\u00e4ll\u00e4 k\u00e4vi nykyiseen verrattuna nopeasti. Nyt tuossa Annassa pit\u00e4\u00e4 samaan teht\u00e4v\u00e4\u00e4n suorittaa lis\u00e4\u00e4 5-7 painallusta! Kalenteri k\u00e4yt\u00f6st\u00e4 on n\u00e4in ollen tullut todella paljon ty\u00f6l\u00e4\u00e4mp\u00e4\u00e4 ja aikaa kuluu entist\u00e4 enemm\u00e4n tuohonkin.<\/p>\n<p style=\"text-align: justify;\">Syy siihen, ett\u00e4 yh\u00e4 k\u00e4yt\u00f6ss\u00e4ni on Nokialainen on juurikin ollut heid\u00e4n hyv\u00e4 kalenterinsa. Jos tulossa olevan Bellen my\u00f6t\u00e4 ei paluuta ole vanhaan kalenteri malliin niin taitaa nykyinen Noksuni olla se viimeinen omistamani. Kirjoittelin asian tiimoilta suoraan Nokiallekin ja esitin toiveeni, ett\u00e4 vanhan kalenterin n\u00e4kym\u00e4n saisi jatkossa takaisin esimerkiksi s\u00e4\u00e4t\u00e4m\u00e4ll\u00e4 kalenterin asetuksia. Odotettavaksi j\u00e4\u00e4 miten viestiin vastataan, jos edes vastataan ja millainen uusi Belle k\u00e4ytt\u00f6j\u00e4rjestelm\u00e4 tulee olemaan?<\/p>\n<p style=\"text-align: justify;\">Oli Anna p\u00e4ivityksess\u00e4 hyv\u00e4\u00e4kin. Nyt k\u00e4ytt\u00f6j\u00e4rjestelm\u00e4 ottaa paremmin k\u00e4ytt\u00f6\u00f6n n\u00e4yt\u00f6n resoluution, josta on hy\u00f6ty\u00e4 useissa sovelluksissa.<\/p>\n<p style=\"text-align: justify;\">Viikolla tuli sen verran k\u00e4yty\u00e4 ulkona k\u00e4velyll\u00e4, ett\u00e4 p\u00e4\u00e4sin kuuleemaan kurkien laulua joka milest\u00e4ni kovin kauniin kuuloista. Tunnelmaa paransi kostea syksyin s\u00e4\u00e4 sumuineen kaikkineen. Muuten l\u00e4hes t\u00e4ydellist\u00e4, mutta ei vain ollut aikaa olla kauaa seuraamassa ja kuuntelemassa kurkien laulua saati sitten yritt\u00e4\u00e4 p\u00e4\u00e4st\u00e4 niin l\u00e4helle, ett\u00e4 niist\u00e4 olisi saanut otettua valokuvia.. No, ensi syksyn\u00e4 asiat ovat varmaan t\u00e4m\u00e4kin asian suhteen toisin.<\/p>\n<h1 style=\"text-align: justify;\">Heksun ja dokumentaatioiden parissa<\/h1>\n<p style=\"text-align: justify;\">Yleisvaltaisesta v\u00e4symyksest\u00e4 huolimatta oli pakko viime viikonloppuna jatkaa heksun ty\u00f6st\u00e4mist\u00e4\u00a0 ja dokumentaatioiden kartoittamista. Jo olemassa olevista dokkareista yritin etsi\u00e4 niit\u00e4 jotka sopisivat j\u00e4ljell\u00e4 olevien tutkinnon osien osaamisen n\u00e4ytt\u00e4miseen.<\/p>\n<p style=\"text-align: justify;\"><strong>Yll\u00e4pitoteht\u00e4viss\u00e4 toimimisen<\/strong> osaan ei paljon materiaali l\u00f6ytynyt, mutta <strong>Palvelujen k\u00e4ytt\u00f6\u00f6notto ja tuki<\/strong> osioon l\u00f6ytyi jo aikalailla kaikkiin kohtiin jotain sepustusta. Valinnaisiin en viel\u00e4 vaivautunut tutustustumaan vaikka pit\u00e4\u00e4 niist\u00e4kin jotkin kaksi arpoa, jotka koitan marraskuussa v\u00e4itt\u00e4\u00e4 jotenkin hallitsevani.<\/p>\n<p style=\"text-align: justify;\">Heksu lomakkeen lis\u00e4ksi tein rakenteen verkossa olevaan portfoliooni eli siihen jonka tein Joomlalla. Nyt on sitten siell\u00e4kin rakenne olemassa kokonaisuudessa tuon datanomitutkinnon pakollisten osion osalta. Joten viel\u00e4 pit\u00e4\u00e4 jossain vaiheessa tehd\u00e4 sinne kaksi p\u00e4\u00e4rakennetta niille valinnaisille.<\/p>\n<h2 style=\"text-align: justify;\">Ty\u00f6harjoittelusta<\/h2>\n<p style=\"text-align: justify;\">Nyt on toinenkin viikko ty\u00f6harjoittelusta taakse j\u00e4\u00e4nytt\u00e4 el\u00e4m\u00e4\u00e4. Kuluneella viikolla tapahtui muun muassa seuraavanlaisia asioita.<\/p>\n<p style=\"text-align: justify;\"><strong>Maanantai<\/strong> aamuna menness\u00e4 ty\u00f6harjoittelupaikkaan omistaja kertoi, ett\u00e4 h\u00e4n oli sunnuntaina k\u00e4ynyt toimistolla ja asentanut Snow Leopardin iMaciin. Prosessi oli mennyt juuri niin kuin perjantaina keskustelupalstoilta neuvoksi l\u00f6ysin eli Snow Leopardin asennus DVD:lt\u00e4 uudelle osiolle ja sitten vanhan osion deletointi, jossa oli Lion k\u00e4ytt\u00f6j\u00e4rjestelm\u00e4. Joten j\u00e4lleen apu l\u00f6ytyi tiet\u00e4m\u00e4tt\u00f6m\u00e4lle Googlettamalla ja keskustelupalstoja lukemalla. Hyv\u00e4 homma, ett\u00e4 saatiin ongelmaksi muodostunut k\u00e4ytt\u00f6j\u00e4rjestelm\u00e4n takaisin palautus lopulta kunnialla hoidetuksi!<\/p>\n<p style=\"text-align: justify;\">Joten p\u00e4\u00e4sin nyt sitten asentamaan uudestaan ty\u00f6asemaani sellaiseksi kuin tarviset. Asentelin koneelle seuraavat ohjelmat:<\/p>\n<ul>\n<ul>\n<li><strong>Eye-On<\/strong>e Match 3 &gt; N\u00e4yt\u00f6nkalibrointiin ja v\u00e4riprofiilin tekemiseen tarvittava ohjelma. T\u00e4m\u00e4 ei pystynyt asentamaan Lion k\u00e4ytt\u00f6j\u00e4rjestelm\u00e4\u00e4n.<\/li>\n<\/ul>\n<\/ul>\n<ul>\n<ul>\n<li><strong>Logitechin ohjelm<\/strong>isto &gt; Ohjelmalla pystyy m\u00e4\u00e4ritt\u00e4m\u00e4\u00e4n hiiren painikkeiden toiminnot ja s\u00e4\u00e4t\u00e4m\u00e4\u00e4n niiden ominaisuuksia.<\/li>\n<\/ul>\n<\/ul>\n<ul>\n<ul>\n<li><strong>Adobe Lightroom 3 &gt;<\/strong> Valokuvien kehitt\u00e4miseen ja k\u00e4sittelyyn. Ohjelman asennus levylt\u00e4 ja p\u00e4ivitys Internetist\u00e4.<\/li>\n<\/ul>\n<\/ul>\n<ul>\n<ul>\n<li><strong>Cyberduck &gt;<\/strong> FTP tiedonsiirto-ohjelma. Poistin oletus kirjamerkit ja varmistin, ett\u00e4 ohjelma asentui Applications \u2013kansioon.<\/li>\n<\/ul>\n<\/ul>\n<ul>\n<ul>\n<li><strong>Firefox ja seuraavat ohjelmat \/ lis\u00e4osat &gt;<\/strong> Web Developer, Aviary, Firebug, AddThis, Adobe Flash Palyer ja Adebe Reader.<\/li>\n<\/ul>\n<\/ul>\n<ul>\n<ul>\n<li><strong>Toimisto-ohjelmisto &gt;<\/strong> Ilmainen Libreoffice, Mac OS X:lle 3.4.2 (Intel) -versio.<\/li>\n<\/ul>\n<\/ul>\n<ul>\n<ul>\n<li><strong>MAMP &gt;<\/strong> Labra palvelimeksi, sek\u00e4 siihen WordPressin asennus ja yhden blogin ty\u00f6st\u00e4misen aloittaminen.<\/li>\n<\/ul>\n<\/ul>\n<p style=\"text-align: justify;\"><strong>Tiistai<\/strong> p\u00e4iv\u00e4 kului p\u00e4\u00e4osin <a href=\"http:\/\/http:\/\/modx.com\/revolution\/\">Modx Revolution<\/a> julkaisuj\u00e4rjestelm\u00e4\u00e4n tutustuessa ja sen k\u00e4ytt\u00f6\u00f6nottaessa. Modx:n ehdottomassa paras puoli on se, ett\u00e4 niin sanotun sivupohjan tekemisess\u00e4 ei ole &#8221;mit\u00e4\u00e4n&#8221; rajoituksia. Sivupohjan tekeminen on mielest\u00e4ni paljon helpompaa kuin WordPressill\u00e4 tai Joomlalla. Etenkin, jos on jo olemassa valmis sivusto, joka tahdotaan siirt\u00e4\u00e4 julkaisuj\u00e4rjestelm\u00e4\u00e4n.<\/p>\n<p style=\"text-align: justify;\">Perus ideasta sain jotenkin kiinni, mutta viel\u00e4 pit\u00e4\u00e4 monta p\u00e4iv\u00e4\u00e4 tuotakin tutkia ja kaivaa, jotta se on riitt\u00e4v\u00e4n hyvin hallussa. Tavoitteena on Modx niin hyvin haltuun, ett\u00e4 l\u00e4hitulevaisuudessa voisin k\u00e4ytt\u00e4\u00e4 sit\u00e4 ihan kauppalisiinkin projekteihin!<\/p>\n<p style=\"text-align: justify;\"><strong>Keskiviikkona<\/strong> jatkoin Modx Revolutionin parissa ja sainkin nyt valmiiksi jo olemassa olevan sivuston ulkoisen kopioinnin. Nyt on kaikki staattinen sis\u00e4lt\u00f6 kopioitu, viel\u00e4 pit\u00e4\u00e4 tehd\u00e4 Modx versioon kuvagalleria, sek\u00e4 vain j\u00e4senille tarkoitettu intranetti. Paljon on homma siis parissa p\u00e4iv\u00e4ss\u00e4 Modx noviisilla edennyt, mutta viel\u00e4 haasteita paljon edess\u00e4. Mut hyvin mielek\u00e4st\u00e4 homma tuo on ollut :)! Keskiviikkona sain my\u00f6s yhden WordPressill\u00e4 toteutetun blogin arkistointi ty\u00f6n valmiiksi. Tuossa projektissa piti kopioida tekstitiedostoilta vanhoja blogi juttuja MAMP:ssa toimivaan WordPressiin ja sitten sielt\u00e4 vietiin kaikki artikkelin Internetiss\u00e4 toimivassa olevaan WP blogiin. Tuota hommaa olen tehnyt aina silloin t\u00e4ll\u00f6in menneen ty\u00f6harjoittelun aikana. Sopivan aivotonta puuhaa muiden projektien oheen.<\/p>\n<p><strong>Torstai ja perjantain<\/strong> meniv\u00e4t Modx Revolutinon Gallery paketin s\u00e4\u00e4t\u00e4misess\u00e4. Tutkimusty\u00f6 oli hidasta, mutta kaiken aikaa tapahtui edistymist\u00e4 ja aina ongelma kerrallaan tuli esteet ratkaistua. Viilausta tuli tehty\u00e4 niin CSS-tiedostoihin kuin my\u00f6s PHP-tiedostoihin. Muutosty\u00f6 ei niink\u00e4\u00e4n ollut vaikeaa, mutta tiedon l\u00f6yt\u00e4minen siihen, ett\u00e4 mist\u00e4 oikeat tiedostot sitten l\u00f6ytyv\u00e4t oli ty\u00f6l\u00e4st\u00e4.<\/p>\n<p>Lopputulokseksi sain sellaisen kuvagallerian, joka oli tavoitteenakin. Gallerian yll\u00e4pit\u00e4minen asiakkaan kannalta ei toistaiseksi ole kovin helppoa. Viel\u00e4 pit\u00e4\u00e4 l\u00f6yt\u00e4\u00e4 jotain helpottavia asioita ja ratkoa niihin liittyv\u00e4t ongelmat. Niin ja yksi vaikeuttava teki saattaa olla se, ett\u00e4 nyt tehdyt testi on tehty MAMP labra ymp\u00e4rist\u00f6ss\u00e4. Aiempinen WAMP testien yhteydess\u00e4 tuli joitakin ihmeellisi\u00e4 ongelmia joita ei sitten en\u00e4\u00e4 ollutkaan tuotantopalvelimella. Seuraavaksi varmaan siirret\u00e4\u00e4nkin tuo viritys oikealle palvelimelle ja katsotaan sen j\u00e4lkeen pit\u00e4\u00e4k\u00f6 tuota viel\u00e4 jotenkin hio vai toimiiko se siell\u00e4 sitten jo paremmin?<\/p>\n<p style=\"text-align: justify;\">Loppuviikosta napsahti my\u00f6s toinen arkistointi teht\u00e4v\u00e4, joka pit\u00e4\u00e4 hoitaa muiden projektin ohessa. T\u00e4ll\u00e4 kertaa projekti liittyy valokuvien hakusanoittamiseen ja niiden viemiseen verkossatoimivaan kuvagalleriaan.<\/p>\n<p style=\"text-align: justify;\">Viikolla tekemieni Modx labrausten aikana tuli selv\u00e4ksi sekin, ett\u00e4 kyll\u00e4 se iMacin alkaa hienosti hyytym\u00e4\u00e4n ja tahmaamaan aika rankastikin, kun on muutama sovellus auki ja kaiken aikaa tekee jotain. Aikas tavallisesta tietokoneelta alkaa tuokin ihmetys vaikuttamaan. Niin ja mit\u00e4\u00e4n j\u00e4rin raskasta ty\u00f6skentely\u00e4 en tuolla edes viel\u00e4 tehnyt. Olisi mielenkiintoista n\u00e4hd\u00e4 miten tuo hyytyi Photoshopin kanssa, kun tuolla v\u00e4\u00e4nt\u00e4isi jotain 10+ raw kuvan panoraamaan, mahtaisi kyyk\u00e4t\u00e4 oikein kunnolla.<\/p>\n<h3>V\u00e4ri\u00e4 pime\u00e4\u00e4n -valokuvan\u00e4yttely<\/h3>\n<p style=\"text-align: center;\"><a href=\"http:\/\/farm4.static.flickr.com\/3568\/5721220369_b29a3860da.jpg\" target=\"_blank\"><img loading=\"lazy\" decoding=\"async\" class=\"aligncenter\" style=\"border: 25px ridge #B87202;\" title=\"Porvoon vanha kaupunki\" src=\"http:\/\/farm4.static.flickr.com\/3568\/5721220369_b29a3860da.jpg\" alt=\"Porvoon vanha kaupunki\" width=\"500\" height=\"333\" \/><\/a><\/p>\n<p style=\"text-align: justify;\">Viikolla tuli tehty\u00e4 iltaisin tai oikeastaan \u00f6isin t\u00f6it\u00e4 syyskuun 29. p\u00e4iv\u00e4 alkavan V\u00e4ri\u00e4 pime\u00e4\u00e4n -valokuvan\u00e4yttelyn eteen sen verran, ett\u00e4 suoritin jo aikaisemmin karsimista valokuvista ne 30 kappaletta, jotka sitten n\u00e4ytteille tulevat.<\/p>\n<p style=\"text-align: justify;\">Kirjaston aulassa oleva n\u00e4yttely tila on 2m * 9m. Tarkemmin ottaen kolme samankokoista rautakehikkoa. Pitk\u00e4\u00e4n mietin, ett\u00e4 laitanko 8 vai 10 kuvaa \/ kehikko. Viimeist\u00e4 seulontaa tehdess\u00e4 ilokseni huomasin, ett\u00e4 voin kyll\u00e4 laittaa 10 kuvaa \/ kehikko n\u00e4ytteille, sen verran toisistaan poikkeavaa materiaalia valokuvat olivat. Mielest\u00e4ni jokainen kuva omalla tavallaan lunasti paikkansa oikeutetusti mukaan n\u00e4yttelyyn.<\/p>\n<p style=\"text-align: justify;\">Laitoin kuvat jo my\u00f6s valmiiksi kehyksiin. Nyt viel\u00e4 pit\u00e4isi nimet\u00e4 kuvat ja tehd\u00e4 niist\u00e4 teosluettelo. Sitten pit\u00e4\u00e4 viel\u00e4 ty\u00f6st\u00e4\u00e4 se lupailemani virtuaali galleria, sek\u00e4 laittaa <a href=\"http:\/\/www.kuvalo.com\/galleries\/zeexns\" target=\"_blank\">n\u00e4yttelykuvat Kuvalo.fi sivustolle<\/a>, josta niit\u00e4 voi sitten halutessaan itsellen hankkia eri kokoisina. Niin ja halutessaan voi n\u00e4yttelyss\u00e4kin fyysisesti olevat kehystetytkin valokuvat ostaa, jos jostain alkaa niin kovasti pit\u00e4m\u00e4\u00e4n. Kuvien ostamisesta kirjoittelin tarkempaa n\u00e4yttelyst\u00e4 kertovalle <a href=\"http:\/\/www.valonkuvaaja.com\/varia_pimeaan.php\" target=\"_blank\">verkkosivulle<\/a> tiedot tulevat my\u00f6s teosluetteloon.<\/p>\n<p style=\"text-align: center;\"><strong><span style=\"font-family: comic sans ms,sans-serif;\">Hyv\u00e4\u00e4 viikonloppua kaikille!<\/span><\/strong><\/p>\n<p style=\"text-align: center;\"><a href=\"http:\/\/flickr.com\/photos\/45130204@N03\/\"><img decoding=\"async\" class=\"aligncenter\" title=\"MTJ-ART -Photos on nature and some other things!\" src=\"http:\/\/bighugelabs.com\/profilewidget\/interesting\/000000\/ffffff\/45130204@N03.jpg\" alt=\"mtj-art. Get yours at bighugelabs.com\" \/><\/a>Markus Kauppinen &#8211; Valonkuvaaja<\/p>\n","protected":false},"excerpt":{"rendered":"<p>Viime viikonloppu l\u00e4hti k\u00e4yntiin Nokialaiseni p\u00e4ivitt\u00e4misell\u00e4 uuteen Anna k\u00e4ytt\u00f6j\u00e4rjestelm\u00e4\u00e4n. T\u00e4m\u00e4 projekti olisi ollut varmaankin parempi olla toteuttamatta. Nimitt\u00e4in p\u00e4ivityksen my\u00f6t\u00e4 tuli merkitt\u00e4v\u00e4 heikennys kalenteriin. Edellisess\u00e4 versiossa kalenteri merkinn\u00e4n muokkaaminen ja sen siir\u00e4minen toiselle p\u00e4iv\u00e4ll\u00e4 k\u00e4vi nykyiseen verrattuna nopeasti. Nyt tuossa &hellip; <a href=\"http:\/\/www.valonkuvaaja.com\/blogi\/symbian-anna-tyoharjoittelua-varia-pimeaan\">Lue loppuun <span class=\"meta-nav\">&rarr;<\/span><\/a><\/p>\n","protected":false},"author":1,"featured_media":0,"comment_status":"closed","ping_status":"closed","sticky":false,"template":"","format":"standard","meta":{"footnotes":""},"categories":[3,7,8],"tags":[350,23,35,36,344,38,341,343,342,336,52,60],"class_list":["post-1127","post","type-post","status-publish","format-standard","hentry","category-blogit","category-valokuviani","category-viimeisimmat","tag-imac","tag-julkaisujarjestelma","tag-markus-kauppinen","tag-modx","tag-modx-gallery","tag-nayttely","tag-nokia","tag-revolution","tag-symbia-anna","tag-tyoharjoittelu","tag-valokuvanayttely","tag-varia-pimeaan"],"aioseo_notices":[],"_links":{"self":[{"href":"http:\/\/www.valonkuvaaja.com\/blogi\/wp-json\/wp\/v2\/posts\/1127","targetHints":{"allow":["GET"]}}],"collection":[{"href":"http:\/\/www.valonkuvaaja.com\/blogi\/wp-json\/wp\/v2\/posts"}],"about":[{"href":"http:\/\/www.valonkuvaaja.com\/blogi\/wp-json\/wp\/v2\/types\/post"}],"author":[{"embeddable":true,"href":"http:\/\/www.valonkuvaaja.com\/blogi\/wp-json\/wp\/v2\/users\/1"}],"replies":[{"embeddable":true,"href":"http:\/\/www.valonkuvaaja.com\/blogi\/wp-json\/wp\/v2\/comments?post=1127"}],"version-history":[{"count":31,"href":"http:\/\/www.valonkuvaaja.com\/blogi\/wp-json\/wp\/v2\/posts\/1127\/revisions"}],"predecessor-version":[{"id":1728,"href":"http:\/\/www.valonkuvaaja.com\/blogi\/wp-json\/wp\/v2\/posts\/1127\/revisions\/1728"}],"wp:attachment":[{"href":"http:\/\/www.valonkuvaaja.com\/blogi\/wp-json\/wp\/v2\/media?parent=1127"}],"wp:term":[{"taxonomy":"category","embeddable":true,"href":"http:\/\/www.valonkuvaaja.com\/blogi\/wp-json\/wp\/v2\/categories?post=1127"},{"taxonomy":"post_tag","embeddable":true,"href":"http:\/\/www.valonkuvaaja.com\/blogi\/wp-json\/wp\/v2\/tags?post=1127"}],"curies":[{"name":"wp","href":"https:\/\/api.w.org\/{rel}","templated":true}]}}